{"id":125680,"date":"2019-10-11T09:24:11","date_gmt":"2019-10-11T12:24:11","guid":{"rendered":"http:\/\/www.caririemacao.com\/1\/?p=125680"},"modified":"2019-10-11T09:24:11","modified_gmt":"2019-10-11T12:24:11","slug":"inflacao-da-terceira-idade-fica-em-048-no-terceiro-trimestre","status":"publish","type":"post","link":"https:\/\/www.caririemacao.com\/1\/2019\/10\/11\/inflacao-da-terceira-idade-fica-em-048-no-terceiro-trimestre\/","title":{"rendered":"Infla\u00e7\u00e3o da terceira idade fica em 0,48% no terceiro trimestre"},"content":{"rendered":"\n<p> O \u00cdndice de Pre\u00e7os ao Consumidor da Terceira Idade (IPC-3i), que mede a varia\u00e7\u00e3o da cesta de consumo de pessoas com mais de 60 anos de idade, registrou infla\u00e7\u00e3o de 0,48% no terceiro trimestre deste ano. Em 12 meses, o IPC-3i acumula taxa de infla\u00e7\u00e3o de 3,78%, segundo dados divulgados hoje (11) pela Funda\u00e7\u00e3o Getulio Vargas (FGV).<\/p>\n\n\n\n<p>Com o resultado do terceiro trimestre, o IPC-3i ficou acima da taxa acumulada pelo IPC-BR, o \u00cdndice de Pre\u00e7os ao Consumidor-Brasil, que calcula a infla\u00e7\u00e3o m\u00e9dia para todas as faixas et\u00e1rias e que acumula taxa de infla\u00e7\u00e3o de 3,51% em 12 meses.<\/p>\n\n\n\n<p>No segundo trimestre, o IPC-3i havia registrado infla\u00e7\u00e3o de 0,97%. Seis das oito classes de despesa componentes do \u00edndice registraram queda em suas taxas.<\/p>\n\n\n\n<p>A principal contribui\u00e7\u00e3o partiu do grupo alimenta\u00e7\u00e3o, que passou de uma infla\u00e7\u00e3o de 0,02% no segundo trimestre para uma defla\u00e7\u00e3o (queda de pre\u00e7os) de 1,76% no terceiro trimestre.<\/p>\n\n\n\n<p>Outros grupos com queda na taxa foram: sa\u00fade e cuidados pessoais (de 2,05% para 1,01%), transportes (de 0,77% para -0,37%), educa\u00e7\u00e3o, leitura e recrea\u00e7\u00e3o (de 1,90% para -0,34%), vestu\u00e1rio (de 2,09% para -0,59%) e despesas diversas (0,68% para 0,34%).<\/p>\n\n\n\n<p>Dois grupos tiveram alta na taxa: habita\u00e7\u00e3o (de 0,79% para 2,14%) e comunica\u00e7\u00e3o (de 0,13% para 1,07%).<\/p>\n","protected":false},"excerpt":{"rendered":"<p>O \u00cdndice de Pre\u00e7os ao Consumidor da Terceira Idade (IPC-3i), que mede a varia\u00e7\u00e3o da cesta de consumo de pessoas com mais de 60 anos&hellip; <\/p>\n","protected":false},"author":1,"featured_media":125682,"comment_status":"closed","ping_status":"closed","sticky":false,"template":"","format":"standard","meta":{"sfsi_plus_gutenberg_text_before_share":"","sfsi_plus_gutenberg_show_text_before_share":"","sfsi_plus_gutenberg_icon_type":"","sfsi_plus_gutenberg_icon_alignemt":"","sfsi_plus_gutenburg_max_per_row":"","footnotes":""},"categories":[2],"tags":[],"class_list":["post-125680","post","type-post","status-publish","format-standard","has-post-thumbnail","hentry","category-geral"],"_links":{"self":[{"href":"https:\/\/www.caririemacao.com\/1\/wp-json\/wp\/v2\/posts\/125680","targetHints":{"allow":["GET"]}}],"collection":[{"href":"https:\/\/www.caririemacao.com\/1\/wp-json\/wp\/v2\/posts"}],"about":[{"href":"https:\/\/www.caririemacao.com\/1\/wp-json\/wp\/v2\/types\/post"}],"author":[{"embeddable":true,"href":"https:\/\/www.caririemacao.com\/1\/wp-json\/wp\/v2\/users\/1"}],"replies":[{"embeddable":true,"href":"https:\/\/www.caririemacao.com\/1\/wp-json\/wp\/v2\/comments?post=125680"}],"version-history":[{"count":1,"href":"https:\/\/www.caririemacao.com\/1\/wp-json\/wp\/v2\/posts\/125680\/revisions"}],"predecessor-version":[{"id":125683,"href":"https:\/\/www.caririemacao.com\/1\/wp-json\/wp\/v2\/posts\/125680\/revisions\/125683"}],"wp:featuredmedia":[{"embeddable":true,"href":"https:\/\/www.caririemacao.com\/1\/wp-json\/wp\/v2\/media\/125682"}],"wp:attachment":[{"href":"https:\/\/www.caririemacao.com\/1\/wp-json\/wp\/v2\/media?parent=125680"}],"wp:term":[{"taxonomy":"category","embeddable":true,"href":"https:\/\/www.caririemacao.com\/1\/wp-json\/wp\/v2\/categories?post=125680"},{"taxonomy":"post_tag","embeddable":true,"href":"https:\/\/www.caririemacao.com\/1\/wp-json\/wp\/v2\/tags?post=125680"}],"curies":[{"name":"wp","href":"https:\/\/api.w.org\/{rel}","templated":true}]}}