{"id":125696,"date":"2019-10-11T09:26:42","date_gmt":"2019-10-11T12:26:42","guid":{"rendered":"http:\/\/www.caririemacao.com\/1\/?p=125696"},"modified":"2019-10-11T09:26:42","modified_gmt":"2019-10-11T12:26:42","slug":"nasa-lanca-satelite-icon-para-estudar-fronteira-com-o-espaco","status":"publish","type":"post","link":"https:\/\/www.caririemacao.com\/1\/2019\/10\/11\/nasa-lanca-satelite-icon-para-estudar-fronteira-com-o-espaco\/","title":{"rendered":"Nasa lan\u00e7a sat\u00e9lite Icon para estudar fronteira com o espa\u00e7o"},"content":{"rendered":"\n<p> A ag\u00eancia espacial norte-americana( Nasa) lan\u00e7ou um sat\u00e9lite na noite dessa quinta-feira (10) para explorar a misteriosa regi\u00e3o din\u00e2mica onde o ar encontra o espa\u00e7o, a ionosfera.<\/p>\n\n\n\n<p>O sat\u00e9lite, chamado de Icon &#8211; Ionospheric Connection Explorer &#8211; foi lan\u00e7ado, ap\u00f3s um atraso de dois anos, por um avi\u00e3o que sobrevoava o Atl\u00e2ntico na costa da Fl\u00f3rida.<\/p>\n\n\n\n<p>O Icon vai estudar o brilho a\u00e9reo formado a partir de gases na ionosfera e tamb\u00e9m medir\u00e1 o ambiente carregado em torno do sat\u00e9lite, a 580 quil\u00f4metros de altura.<\/p>\n\n\n\n<p>H\u00e1 muita atividade que necessita ser estudada na ionosfera, uma das camadas da atmosfera terrestre, &#8220;a fronteira com o espa\u00e7o&#8221;, disse o diretor da Divis\u00e3o de Heliof\u00edsica da Nasaa, Nicola Fox.<\/p>\n\n\n\n<p>O Icon &#8220;\u00e9 um laborat\u00f3rio de f\u00edsica not\u00e1vel&#8221;, afirmou o cientista Thomas Immel, da Universidade da Calif\u00f3rnia em Berkeley, que supervisiona a miss\u00e3o.<\/p>\n\n\n\n<p>Um sat\u00e9lite da Nasa lan\u00e7ado no ano passado, o Gold, tamb\u00e9m estuda a atmosfera superior, mas a partir de um patamar mais elevado.<\/p>\n\n\n\n<p>Est\u00e3o previstas mais miss\u00f5es nos pr\u00f3ximos anos para estudar a ionosfera, inclusive pela Esta\u00e7\u00e3o Espacial Internacional.<\/p>\n","protected":false},"excerpt":{"rendered":"<p>A ag\u00eancia espacial norte-americana( Nasa) lan\u00e7ou um sat\u00e9lite na noite dessa quinta-feira (10) para explorar a misteriosa regi\u00e3o din\u00e2mica onde o ar encontra o espa\u00e7o,&hellip; <\/p>\n","protected":false},"author":1,"featured_media":125698,"comment_status":"closed","ping_status":"closed","sticky":false,"template":"","format":"standard","meta":{"sfsi_plus_gutenberg_text_before_share":"","sfsi_plus_gutenberg_show_text_before_share":"","sfsi_plus_gutenberg_icon_type":"","sfsi_plus_gutenberg_icon_alignemt":"","sfsi_plus_gutenburg_max_per_row":"","footnotes":""},"categories":[2],"tags":[],"class_list":["post-125696","post","type-post","status-publish","format-standard","has-post-thumbnail","hentry","category-geral"],"_links":{"self":[{"href":"https:\/\/www.caririemacao.com\/1\/wp-json\/wp\/v2\/posts\/125696","targetHints":{"allow":["GET"]}}],"collection":[{"href":"https:\/\/www.caririemacao.com\/1\/wp-json\/wp\/v2\/posts"}],"about":[{"href":"https:\/\/www.caririemacao.com\/1\/wp-json\/wp\/v2\/types\/post"}],"author":[{"embeddable":true,"href":"https:\/\/www.caririemacao.com\/1\/wp-json\/wp\/v2\/users\/1"}],"replies":[{"embeddable":true,"href":"https:\/\/www.caririemacao.com\/1\/wp-json\/wp\/v2\/comments?post=125696"}],"version-history":[{"count":1,"href":"https:\/\/www.caririemacao.com\/1\/wp-json\/wp\/v2\/posts\/125696\/revisions"}],"predecessor-version":[{"id":125699,"href":"https:\/\/www.caririemacao.com\/1\/wp-json\/wp\/v2\/posts\/125696\/revisions\/125699"}],"wp:featuredmedia":[{"embeddable":true,"href":"https:\/\/www.caririemacao.com\/1\/wp-json\/wp\/v2\/media\/125698"}],"wp:attachment":[{"href":"https:\/\/www.caririemacao.com\/1\/wp-json\/wp\/v2\/media?parent=125696"}],"wp:term":[{"taxonomy":"category","embeddable":true,"href":"https:\/\/www.caririemacao.com\/1\/wp-json\/wp\/v2\/categories?post=125696"},{"taxonomy":"post_tag","embeddable":true,"href":"https:\/\/www.caririemacao.com\/1\/wp-json\/wp\/v2\/tags?post=125696"}],"curies":[{"name":"wp","href":"https:\/\/api.w.org\/{rel}","templated":true}]}}