{"id":125741,"date":"2019-10-11T09:34:39","date_gmt":"2019-10-11T12:34:39","guid":{"rendered":"http:\/\/www.caririemacao.com\/1\/?p=125741"},"modified":"2019-10-11T09:34:39","modified_gmt":"2019-10-11T12:34:39","slug":"ministra-nega-conflito-entre-agropecuaria-e-preservacao-ambiental","status":"publish","type":"post","link":"https:\/\/www.caririemacao.com\/1\/2019\/10\/11\/ministra-nega-conflito-entre-agropecuaria-e-preservacao-ambiental\/","title":{"rendered":"Ministra nega conflito entre agropecu\u00e1ria e preserva\u00e7\u00e3o ambiental"},"content":{"rendered":"\n<p> A ministra da Agricultura, Pecu\u00e1ria e Abastecimento Tereza Cristina disse que o crescimento do setor agropecu\u00e1rio e a prote\u00e7\u00e3o do meio ambiente n\u00e3o s\u00e3o premissas conflitantes. A declara\u00e7\u00e3o ocorreu nesta quinta-feira (10) no F\u00f3rum de Investimentos Brasil 2019, na capital paulista.<\/p>\n\n\n\n<p>\u201cO Brasil \u00e9 uma pot\u00eancia agroalimentar, mas tamb\u00e9m \u00e9 uma pot\u00eancia ambiental. Apesar de neste momento isso ser altamente questionado. Para seguir incrementando a produ\u00e7\u00e3o nacional e minimizando os impactos ao meio ambiente, o governo brasileiro e o setor privado precisam continuar trabalhando juntos\u201d, disse a ministra.<\/p>\n\n\n\n<figure class=\"wp-block-image\"><img decoding=\"async\" data-src=\"http:\/\/imagens.ebc.com.br\/japQqKjhNJCx17prAGt2qyxEbkU=\/365x0\/smart\/http:\/\/agenciabrasil.ebc.com.br\/sites\/default\/files\/thumbnails\/image\/rvrsa_abr_26081921398.jpg?itok=BuN5aIxg\" alt=\"A ministra da Agricultura, Pecu\u00e1ria e Abastecimento, Tereza Cristina, fala sobre a import\u00e2ncia dos pa\u00edses \u00e1rabes na agricultura brasileira, durante palestra na C\u00e2mara de Com\u00e9rcio \u00c1rabe-Brasileira.\" src=\"data:image\/svg+xml;base64,PHN2ZyB3aWR0aD0iMSIgaGVpZ2h0PSIxIiB4bWxucz0iaHR0cDovL3d3dy53My5vcmcvMjAwMC9zdmciPjwvc3ZnPg==\" class=\"lazyload\" \/><\/figure>\n\n\n\n<p>Arquivo &#8211;&nbsp;<strong>Rovena Rosa\/Ag\u00eancia Brasil<\/strong><\/p>\n\n\n\n<p>Para Tereza Cristina, os grandes produtores rurais est\u00e3o cientes de que a sustentabilidade da sua produ\u00e7\u00e3o afeta a aceita\u00e7\u00e3o dos seus produtos nos mercados externos, e de que est\u00e3o sob influ\u00eancia de mudan\u00e7as clim\u00e1ticas.<\/p>\n\n\n\n<p>\u201cA agricultura \u00e9 um dos setores mais afetados pelos efeitos das mudan\u00e7as clim\u00e1ticas, temperaturas m\u00e9dias mais altas, mudan\u00e7as das chuvas, aumento na frequ\u00eancia e intensidade de eventos clim\u00e1ticos assim como a possibilidade de aumento de danos causados por pragas e doen\u00e7as poder\u00e3o afetar fortemente o trabalho no campo\u201d, acrescentou.<\/p>\n\n\n\n<p>Tereza Cristina afirmou que, em 2018, a produ\u00e7\u00e3o brasileira agropecu\u00e1ria chegou a US$ 147,4 bilh\u00f5es e que a previs\u00e3o \u00e9 que continue crescendo. \u201cProje\u00e7\u00f5es apontam que nos pr\u00f3ximos dez anos a produ\u00e7\u00e3o brasileira de gr\u00e3os crescer\u00e1 27%, carne bovina 19%, su\u00edna 25% e frango 28%. Parte dessa produ\u00e7\u00e3o ser\u00e1 destinada ao mercado externo, contribuindo para garantir a seguran\u00e7a alimentar e nutricional global\u201d, disse.<\/p>\n\n\n\n<h2 class=\"wp-block-heading\">OCDE<\/h2>\n\n\n\n<p>A ministra Tereza Cristina comentou a indica\u00e7\u00e3o da Argentina \u00e0 Organiza\u00e7\u00e3o para a Coopera\u00e7\u00e3o e Desenvolvimento Econ\u00f4mico (OCDE) pelos Estados Unidos. Segundo ela, o governo j\u00e1 sabia disso desde janeiro, quando estiveram no pa\u00eds norte-americano.<\/p>\n\n\n\n<p>\u201cN\u00f3s j\u00e1 sab\u00edamos disso, que a Argentina j\u00e1 estava com a documenta\u00e7\u00e3o mais pronta que a do Brasil. Isso foi colocado para n\u00f3s claramente, que eles seriam primeiro e que em seguida Os Estados Unidos indicariam o Brasil e a Europa indicaria um outro pa\u00eds. Mas isso n\u00e3o tem nada a ver que o Brasil foi passado para tr\u00e1s. N\u00e3o, era uma fila e isso foi acordado desde l\u00e1 tr\u00e1s\u201d, disse.<\/p>\n\n\n\n<p>Mais cedo, a ag\u00eancia de not\u00edcias Bloomberg informou que governo dos Estados Unidos, por meio do secret\u00e1rio de Estado, Mike Pompeo, rejeitou um pedido para discutir o aumento de integrantes na OCDE, grupo que re\u00fane 36 pa\u00edses, a maioria da Europa e Am\u00e9rica do Norte. De acordo com a ag\u00eancia, a informa\u00e7\u00e3o constava em uma carta enviada por Pompeo ao secret\u00e1rio-geral da OCDE, Angel Gurria. No documento, os EUA confirmam apoio formal \u00e0 entrada da Argentina e da Rom\u00eania no grupo.<\/p>\n","protected":false},"excerpt":{"rendered":"<p>A ministra da Agricultura, Pecu\u00e1ria e Abastecimento Tereza Cristina disse que o crescimento do setor agropecu\u00e1rio e a prote\u00e7\u00e3o do meio ambiente n\u00e3o s\u00e3o premissas&hellip; <\/p>\n","protected":false},"author":1,"featured_media":125743,"comment_status":"closed","ping_status":"closed","sticky":false,"template":"","format":"standard","meta":{"sfsi_plus_gutenberg_text_before_share":"","sfsi_plus_gutenberg_show_text_before_share":"","sfsi_plus_gutenberg_icon_type":"","sfsi_plus_gutenberg_icon_alignemt":"","sfsi_plus_gutenburg_max_per_row":"","footnotes":""},"categories":[2],"tags":[],"class_list":["post-125741","post","type-post","status-publish","format-standard","has-post-thumbnail","hentry","category-geral"],"_links":{"self":[{"href":"https:\/\/www.caririemacao.com\/1\/wp-json\/wp\/v2\/posts\/125741","targetHints":{"allow":["GET"]}}],"collection":[{"href":"https:\/\/www.caririemacao.com\/1\/wp-json\/wp\/v2\/posts"}],"about":[{"href":"https:\/\/www.caririemacao.com\/1\/wp-json\/wp\/v2\/types\/post"}],"author":[{"embeddable":true,"href":"https:\/\/www.caririemacao.com\/1\/wp-json\/wp\/v2\/users\/1"}],"replies":[{"embeddable":true,"href":"https:\/\/www.caririemacao.com\/1\/wp-json\/wp\/v2\/comments?post=125741"}],"version-history":[{"count":1,"href":"https:\/\/www.caririemacao.com\/1\/wp-json\/wp\/v2\/posts\/125741\/revisions"}],"predecessor-version":[{"id":125744,"href":"https:\/\/www.caririemacao.com\/1\/wp-json\/wp\/v2\/posts\/125741\/revisions\/125744"}],"wp:featuredmedia":[{"embeddable":true,"href":"https:\/\/www.caririemacao.com\/1\/wp-json\/wp\/v2\/media\/125743"}],"wp:attachment":[{"href":"https:\/\/www.caririemacao.com\/1\/wp-json\/wp\/v2\/media?parent=125741"}],"wp:term":[{"taxonomy":"category","embeddable":true,"href":"https:\/\/www.caririemacao.com\/1\/wp-json\/wp\/v2\/categories?post=125741"},{"taxonomy":"post_tag","embeddable":true,"href":"https:\/\/www.caririemacao.com\/1\/wp-json\/wp\/v2\/tags?post=125741"}],"curies":[{"name":"wp","href":"https:\/\/api.w.org\/{rel}","templated":true}]}}