{"id":125780,"date":"2019-10-11T10:15:35","date_gmt":"2019-10-11T13:15:35","guid":{"rendered":"http:\/\/www.caririemacao.com\/1\/?p=125780"},"modified":"2019-10-11T10:15:35","modified_gmt":"2019-10-11T13:15:35","slug":"estoque-de-vacina-pentavalente-na-paraiba-esta-baixo-veja-onde-encontrar","status":"publish","type":"post","link":"https:\/\/www.caririemacao.com\/1\/2019\/10\/11\/estoque-de-vacina-pentavalente-na-paraiba-esta-baixo-veja-onde-encontrar\/","title":{"rendered":"Estoque de vacina pentavalente na Para\u00edba est\u00e1 baixo; veja onde encontrar"},"content":{"rendered":"\n<p>Est\u00e1 faltando vacina pentavalente na Para\u00edba. Muitos pais t\u00eam denunciado que n\u00e3o est\u00e3o encontrando a vacina nos postos de sa\u00fade. De acordo com o gerente de Imuniza\u00e7\u00e3o da Secretaria de Estado da Sa\u00fade (SES), Fernando Virgolino, o desabastecimento \u00e9 nacional, mas, embora em quantidade insuficiente, ainda \u00e9 poss\u00edvel encontrar a vacina em alguns locais.<\/p>\n\n\n\n<p>Fernando Virgolino explicou que a \u00faltima remessa da vacina n\u00e3o foi aprovada pela Ag\u00eancia Nacional de Vigil\u00e2ncia Sanit\u00e1ria (Anvisa) e por isso foi devolvida ao laborat\u00f3rio. Enquanto uma nova remessa n\u00e3o chega, a Para\u00edba recebeu sete mil doses, das quais mil ficaram em Jo\u00e3o Pessoa e seis mil foram distribu\u00eddas pelos outros munic\u00edpios. A quantidade \u00e9 insuficiente e n\u00e3o h\u00e1 previs\u00e3o para que o problema com o laborat\u00f3rio seja resolvido.<\/p>\n\n\n\n<p>A vacina pentavalente garante a prote\u00e7\u00e3o contra a difteria, t\u00e9tano, coqueluche, hepatite B e contra a bact\u00e9ria haemophilus influenza tipo b, respons\u00e1vel por infec\u00e7\u00f5es no nariz, meninge e na garganta. As crian\u00e7as devem tomar tr\u00eas doses da vacina: aos dois, aos quatro e aos seis meses de vida.<\/p>\n\n\n\n<p>At\u00e9 a regulariza\u00e7\u00e3o do abastecimento pelo Minist\u00e9rio da Sa\u00fade, em Jo\u00e3o Pessoa \u00e9 poss\u00edvel encontrar a vacina em 15 locais:<\/p>\n\n\n\n<p>&#x1f534;Distrito I<br>&#x1f539; Integrada Cruz das Armas<br>&#x1f539; Integrada Nova Conquista (Alto do Matheus)<br>&#x1f539; Integrada Jardim Sa\u00fade ( Jardim Veneza)<br>&#x1f534;Distrito II<br>&#x1f539; Integrada Mudan\u00e7a de Vida<br>&#x1f539; Integrada Vila Sa\u00fade<br>&#x1f539; Integrada Esta\u00e7\u00e3o Sa\u00fade<br>&#x1f534;Distrito III<br>&#x1f539;Integrada Jos\u00e9 Am\u00e9rico<br>&#x1f539; Policlinica de Mangabeira<br>&#x1f539; Integrada do Valentina<br>&#x1f534;Distrito IV<br>&#x1f539;Integrada Viver Bem<br>&#x1f539; Policlinica Mandacaru<br>&#x1f539; Ilha do Bispo ( Padre Z\u00e9)<br>&#x1f534;Distrito V<br>&#x1f539;Integrada S\u00e3o Jos\u00e9 (Mana\u00edra)<br>&#x1f539; Torre II Integrada<br>&#x1f539; Integrada Altiplano<\/p>\n","protected":false},"excerpt":{"rendered":"<p>Est\u00e1 faltando vacina pentavalente na Para\u00edba. Muitos pais t\u00eam denunciado que n\u00e3o est\u00e3o encontrando a vacina nos postos de sa\u00fade. De acordo com o gerente&hellip; <\/p>\n","protected":false},"author":1,"featured_media":106163,"comment_status":"closed","ping_status":"closed","sticky":false,"template":"","format":"standard","meta":{"sfsi_plus_gutenberg_text_before_share":"","sfsi_plus_gutenberg_show_text_before_share":"","sfsi_plus_gutenberg_icon_type":"","sfsi_plus_gutenberg_icon_alignemt":"","sfsi_plus_gutenburg_max_per_row":"","footnotes":""},"categories":[16],"tags":[],"class_list":["post-125780","post","type-post","status-publish","format-standard","has-post-thumbnail","hentry","category-saude"],"_links":{"self":[{"href":"https:\/\/www.caririemacao.com\/1\/wp-json\/wp\/v2\/posts\/125780","targetHints":{"allow":["GET"]}}],"collection":[{"href":"https:\/\/www.caririemacao.com\/1\/wp-json\/wp\/v2\/posts"}],"about":[{"href":"https:\/\/www.caririemacao.com\/1\/wp-json\/wp\/v2\/types\/post"}],"author":[{"embeddable":true,"href":"https:\/\/www.caririemacao.com\/1\/wp-json\/wp\/v2\/users\/1"}],"replies":[{"embeddable":true,"href":"https:\/\/www.caririemacao.com\/1\/wp-json\/wp\/v2\/comments?post=125780"}],"version-history":[{"count":1,"href":"https:\/\/www.caririemacao.com\/1\/wp-json\/wp\/v2\/posts\/125780\/revisions"}],"predecessor-version":[{"id":125782,"href":"https:\/\/www.caririemacao.com\/1\/wp-json\/wp\/v2\/posts\/125780\/revisions\/125782"}],"wp:featuredmedia":[{"embeddable":true,"href":"https:\/\/www.caririemacao.com\/1\/wp-json\/wp\/v2\/media\/106163"}],"wp:attachment":[{"href":"https:\/\/www.caririemacao.com\/1\/wp-json\/wp\/v2\/media?parent=125780"}],"wp:term":[{"taxonomy":"category","embeddable":true,"href":"https:\/\/www.caririemacao.com\/1\/wp-json\/wp\/v2\/categories?post=125780"},{"taxonomy":"post_tag","embeddable":true,"href":"https:\/\/www.caririemacao.com\/1\/wp-json\/wp\/v2\/tags?post=125780"}],"curies":[{"name":"wp","href":"https:\/\/api.w.org\/{rel}","templated":true}]}}