{"id":125801,"date":"2019-10-11T12:40:47","date_gmt":"2019-10-11T15:40:47","guid":{"rendered":"http:\/\/www.caririemacao.com\/1\/?p=125801"},"modified":"2019-10-11T12:40:47","modified_gmt":"2019-10-11T15:40:47","slug":"camara-de-congo-realiza-reuniao-e-aprova-demandas-da-populacao","status":"publish","type":"post","link":"https:\/\/www.caririemacao.com\/1\/2019\/10\/11\/camara-de-congo-realiza-reuniao-e-aprova-demandas-da-populacao\/","title":{"rendered":"C\u00e2mara de Congo realiza reuni\u00e3o e aprova demandas da popula\u00e7\u00e3o"},"content":{"rendered":"\n<p>Na noite desta quinta-feira, dia 10, a C\u00e2mara de Vereadores de Congo realizou mais uma importante reuni\u00e3o para apreciar e votar cinco requerimentos de interesse da popula\u00e7\u00e3o congoense apresentados pelos vereadores.<\/p>\n\n\n\n<figure class=\"wp-block-image\"><img fetchpriority=\"high\" decoding=\"async\" width=\"1024\" height=\"678\" src=\"http:\/\/www.caririemacao.com\/1\/wp-content\/uploads\/2019\/10\/DSC_0083-1024x678.jpg\" alt=\"\" class=\"wp-image-125806\" srcset=\"https:\/\/www.caririemacao.com\/1\/wp-content\/uploads\/2019\/10\/DSC_0083-1024x678.jpg 1024w, https:\/\/www.caririemacao.com\/1\/wp-content\/uploads\/2019\/10\/DSC_0083-300x199.jpg 300w, https:\/\/www.caririemacao.com\/1\/wp-content\/uploads\/2019\/10\/DSC_0083-768x509.jpg 768w, https:\/\/www.caririemacao.com\/1\/wp-content\/uploads\/2019\/10\/DSC_0083.jpg 1280w\" sizes=\"(max-width: 1024px) 100vw, 1024px\" \/><\/figure>\n\n\n\n<p>Na pauta, constaram 01 requerimento do vereador Lenilson Bezerra, 01 do vereador Fabiano Bolacha e 03 do vereador Erivaldo de Queiroz (Pinga Fogo).<\/p>\n\n\n\n<figure class=\"wp-block-image\"><img decoding=\"async\" width=\"1024\" height=\"678\" data-src=\"http:\/\/www.caririemacao.com\/1\/wp-content\/uploads\/2019\/10\/DSC_0051-1024x678.jpg\" alt=\"\" class=\"wp-image-125811 lazyload\" data-srcset=\"https:\/\/www.caririemacao.com\/1\/wp-content\/uploads\/2019\/10\/DSC_0051-1024x678.jpg 1024w, https:\/\/www.caririemacao.com\/1\/wp-content\/uploads\/2019\/10\/DSC_0051-300x199.jpg 300w, https:\/\/www.caririemacao.com\/1\/wp-content\/uploads\/2019\/10\/DSC_0051-768x509.jpg 768w, https:\/\/www.caririemacao.com\/1\/wp-content\/uploads\/2019\/10\/DSC_0051.jpg 1280w\" data-sizes=\"(max-width: 1024px) 100vw, 1024px\" src=\"data:image\/svg+xml;base64,PHN2ZyB3aWR0aD0iMSIgaGVpZ2h0PSIxIiB4bWxucz0iaHR0cDovL3d3dy53My5vcmcvMjAwMC9zdmciPjwvc3ZnPg==\" style=\"--smush-placeholder-width: 1024px; --smush-placeholder-aspect-ratio: 1024\/678;\" \/><\/figure>\n\n\n\n<p>O vereador <strong>Lenilson Bezerra<\/strong> requereu a Secretaria de Agricultura e Abastecimento a recoloca\u00e7\u00e3o do transformador com a bomba do abastecimento do a\u00e7ude jacar\u00e9. \u201cOs moradores das comunidades S\u00edtios barra do rio e Santa Rita de baixo necessitam que o prefeito recoloque o transformador e religue a bomba do abastecimento de \u00e1gua do A\u00e7ude Jacar\u00e9 que atende essas comunidades\u201d, justificou.<\/p>\n\n\n\n<figure class=\"wp-block-image\"><img decoding=\"async\" width=\"1024\" height=\"678\" data-src=\"http:\/\/www.caririemacao.com\/1\/wp-content\/uploads\/2019\/10\/DSC_0129-1024x678.jpg\" alt=\"\" class=\"wp-image-125810 lazyload\" data-srcset=\"https:\/\/www.caririemacao.com\/1\/wp-content\/uploads\/2019\/10\/DSC_0129-1024x678.jpg 1024w, https:\/\/www.caririemacao.com\/1\/wp-content\/uploads\/2019\/10\/DSC_0129-300x199.jpg 300w, https:\/\/www.caririemacao.com\/1\/wp-content\/uploads\/2019\/10\/DSC_0129-768x509.jpg 768w, https:\/\/www.caririemacao.com\/1\/wp-content\/uploads\/2019\/10\/DSC_0129.jpg 1280w\" data-sizes=\"(max-width: 1024px) 100vw, 1024px\" src=\"data:image\/svg+xml;base64,PHN2ZyB3aWR0aD0iMSIgaGVpZ2h0PSIxIiB4bWxucz0iaHR0cDovL3d3dy53My5vcmcvMjAwMC9zdmciPjwvc3ZnPg==\" style=\"--smush-placeholder-width: 1024px; --smush-placeholder-aspect-ratio: 1024\/678;\" \/><\/figure>\n\n\n\n<p>No requerimento do vereador <strong>Fabiano Bolacha<\/strong>, ele pede que o prefeito J\u00fanior Quirino cumpra a promessa de reajuste salarial de 30% as categorias, atrav\u00e9s da Lei 178\/2018. \u201c\u00c9 muito para os servidores p\u00fablicos que o prefeito cumpra as promessas firmadas atrav\u00e9s da Lei 178\/2018, de reajuste salarial de 30%, prometidos as categorias, que segue: Assistente Social, Bioqu\u00edmico\/Farmac\u00eautico Odont\u00f3logo, Enfermeiros, Fisioterapeuta, Fonoaudi\u00f3logo, Agentes de Vigil\u00e2ncia Sanit\u00e1ria, Nutricionista Motoristas, Operadores de Maquinas, Psic\u00f3logo, Tecn\u00f3logo em Agroecologia e Veterin\u00e1rio\u201d, justificou o vereador Fabiano.<\/p>\n\n\n\n<figure class=\"wp-block-image\"><img decoding=\"async\" width=\"1024\" height=\"678\" data-src=\"http:\/\/www.caririemacao.com\/1\/wp-content\/uploads\/2019\/10\/DSC_0092-1024x678.jpg\" alt=\"\" class=\"wp-image-125807 lazyload\" data-srcset=\"https:\/\/www.caririemacao.com\/1\/wp-content\/uploads\/2019\/10\/DSC_0092-1024x678.jpg 1024w, https:\/\/www.caririemacao.com\/1\/wp-content\/uploads\/2019\/10\/DSC_0092-300x199.jpg 300w, https:\/\/www.caririemacao.com\/1\/wp-content\/uploads\/2019\/10\/DSC_0092-768x509.jpg 768w, https:\/\/www.caririemacao.com\/1\/wp-content\/uploads\/2019\/10\/DSC_0092.jpg 1280w\" data-sizes=\"(max-width: 1024px) 100vw, 1024px\" src=\"data:image\/svg+xml;base64,PHN2ZyB3aWR0aD0iMSIgaGVpZ2h0PSIxIiB4bWxucz0iaHR0cDovL3d3dy53My5vcmcvMjAwMC9zdmciPjwvc3ZnPg==\" style=\"--smush-placeholder-width: 1024px; --smush-placeholder-aspect-ratio: 1024\/678;\" \/><\/figure>\n\n\n\n<p>J\u00e1 o vereador <strong>Erivaldo<\/strong>\n<strong>de Queiroz (Pinga Fogo),<\/strong> apresentou\n03 requerimentos, o primeiro pedindo a conclus\u00e3o da pavimenta\u00e7\u00e3o da rua Moises\nConegundes para melhorar as condi\u00e7\u00f5es de acesso da popula\u00e7\u00e3o que ali reside.\nEle tamb\u00e9m pediu uma m\u00e1ximo de urg\u00eancia na execu\u00e7\u00e3o.<\/p>\n\n\n\n<p>O segundo requerimento de Pinga Fogo refere-se ao pedido de ilumina\u00e7\u00e3o e coloca\u00e7\u00e3o de cerca nos campos de futebol da Zona Rural, principalmente nos campos de futebol de Barra do Rio, Riacho do Algod\u00e3o, Laginha, Santa Rita Riach\u00e3o, e Lagoa da Ilha. Por \u00faltimo, o parlamentar solicitou a constru\u00e7\u00e3o de uma passagem molhada na Lagoa da Ilha.<\/p>\n\n\n\n<figure class=\"wp-block-image\"><img decoding=\"async\" width=\"1024\" height=\"678\" data-src=\"http:\/\/www.caririemacao.com\/1\/wp-content\/uploads\/2019\/10\/DSC_0122-1024x678.jpg\" alt=\"\" class=\"wp-image-125809 lazyload\" data-srcset=\"https:\/\/www.caririemacao.com\/1\/wp-content\/uploads\/2019\/10\/DSC_0122-1024x678.jpg 1024w, https:\/\/www.caririemacao.com\/1\/wp-content\/uploads\/2019\/10\/DSC_0122-300x199.jpg 300w, https:\/\/www.caririemacao.com\/1\/wp-content\/uploads\/2019\/10\/DSC_0122-768x509.jpg 768w, https:\/\/www.caririemacao.com\/1\/wp-content\/uploads\/2019\/10\/DSC_0122.jpg 1280w\" data-sizes=\"(max-width: 1024px) 100vw, 1024px\" src=\"data:image\/svg+xml;base64,PHN2ZyB3aWR0aD0iMSIgaGVpZ2h0PSIxIiB4bWxucz0iaHR0cDovL3d3dy53My5vcmcvMjAwMC9zdmciPjwvc3ZnPg==\" style=\"--smush-placeholder-width: 1024px; --smush-placeholder-aspect-ratio: 1024\/678;\" \/><\/figure>\n\n\n\n<p>No final da reuni\u00e3o, o presidente Lenilson Bezerra, convidou todos os vereadores e a popula\u00e7\u00e3o para participar da 2\u00aa Sess\u00e3o Itinerante que acontece no pr\u00f3ximo dia 17, no S\u00edtio Santa Rita de Cima.<\/p>\n\n\n\n<figure class=\"wp-block-image\"><img decoding=\"async\" width=\"1024\" height=\"678\" data-src=\"http:\/\/www.caririemacao.com\/1\/wp-content\/uploads\/2019\/10\/DSC_0068-1024x678.jpg\" alt=\"\" class=\"wp-image-125805 lazyload\" data-srcset=\"https:\/\/www.caririemacao.com\/1\/wp-content\/uploads\/2019\/10\/DSC_0068-1024x678.jpg 1024w, https:\/\/www.caririemacao.com\/1\/wp-content\/uploads\/2019\/10\/DSC_0068-300x199.jpg 300w, https:\/\/www.caririemacao.com\/1\/wp-content\/uploads\/2019\/10\/DSC_0068-768x509.jpg 768w, https:\/\/www.caririemacao.com\/1\/wp-content\/uploads\/2019\/10\/DSC_0068.jpg 1280w\" data-sizes=\"(max-width: 1024px) 100vw, 1024px\" src=\"data:image\/svg+xml;base64,PHN2ZyB3aWR0aD0iMSIgaGVpZ2h0PSIxIiB4bWxucz0iaHR0cDovL3d3dy53My5vcmcvMjAwMC9zdmciPjwvc3ZnPg==\" style=\"--smush-placeholder-width: 1024px; --smush-placeholder-aspect-ratio: 1024\/678;\" \/><\/figure>\n\n\n\n<figure class=\"wp-block-image\"><img decoding=\"async\" width=\"1024\" height=\"678\" data-src=\"http:\/\/www.caririemacao.com\/1\/wp-content\/uploads\/2019\/10\/DSC_0065-1-1024x678.jpg\" alt=\"\" class=\"wp-image-125804 lazyload\" data-srcset=\"https:\/\/www.caririemacao.com\/1\/wp-content\/uploads\/2019\/10\/DSC_0065-1-1024x678.jpg 1024w, https:\/\/www.caririemacao.com\/1\/wp-content\/uploads\/2019\/10\/DSC_0065-1-300x199.jpg 300w, https:\/\/www.caririemacao.com\/1\/wp-content\/uploads\/2019\/10\/DSC_0065-1-768x509.jpg 768w, https:\/\/www.caririemacao.com\/1\/wp-content\/uploads\/2019\/10\/DSC_0065-1.jpg 1280w\" data-sizes=\"(max-width: 1024px) 100vw, 1024px\" src=\"data:image\/svg+xml;base64,PHN2ZyB3aWR0aD0iMSIgaGVpZ2h0PSIxIiB4bWxucz0iaHR0cDovL3d3dy53My5vcmcvMjAwMC9zdmciPjwvc3ZnPg==\" style=\"--smush-placeholder-width: 1024px; --smush-placeholder-aspect-ratio: 1024\/678;\" \/><\/figure>\n","protected":false},"excerpt":{"rendered":"<p>Na noite desta quinta-feira, dia 10, a C\u00e2mara de Vereadores de Congo realizou mais uma importante reuni\u00e3o para apreciar e votar cinco requerimentos de interesse&hellip; <\/p>\n","protected":false},"author":2,"featured_media":125802,"comment_status":"closed","ping_status":"closed","sticky":false,"template":"","format":"standard","meta":{"sfsi_plus_gutenberg_text_before_share":"","sfsi_plus_gutenberg_show_text_before_share":"","sfsi_plus_gutenberg_icon_type":"","sfsi_plus_gutenberg_icon_alignemt":"","sfsi_plus_gutenburg_max_per_row":"","footnotes":""},"categories":[50,2],"tags":[],"class_list":["post-125801","post","type-post","status-publish","format-standard","has-post-thumbnail","hentry","category-destaque","category-geral"],"_links":{"self":[{"href":"https:\/\/www.caririemacao.com\/1\/wp-json\/wp\/v2\/posts\/125801","targetHints":{"allow":["GET"]}}],"collection":[{"href":"https:\/\/www.caririemacao.com\/1\/wp-json\/wp\/v2\/posts"}],"about":[{"href":"https:\/\/www.caririemacao.com\/1\/wp-json\/wp\/v2\/types\/post"}],"author":[{"embeddable":true,"href":"https:\/\/www.caririemacao.com\/1\/wp-json\/wp\/v2\/users\/2"}],"replies":[{"embeddable":true,"href":"https:\/\/www.caririemacao.com\/1\/wp-json\/wp\/v2\/comments?post=125801"}],"version-history":[{"count":1,"href":"https:\/\/www.caririemacao.com\/1\/wp-json\/wp\/v2\/posts\/125801\/revisions"}],"predecessor-version":[{"id":125812,"href":"https:\/\/www.caririemacao.com\/1\/wp-json\/wp\/v2\/posts\/125801\/revisions\/125812"}],"wp:featuredmedia":[{"embeddable":true,"href":"https:\/\/www.caririemacao.com\/1\/wp-json\/wp\/v2\/media\/125802"}],"wp:attachment":[{"href":"https:\/\/www.caririemacao.com\/1\/wp-json\/wp\/v2\/media?parent=125801"}],"wp:term":[{"taxonomy":"category","embeddable":true,"href":"https:\/\/www.caririemacao.com\/1\/wp-json\/wp\/v2\/categories?post=125801"},{"taxonomy":"post_tag","embeddable":true,"href":"https:\/\/www.caririemacao.com\/1\/wp-json\/wp\/v2\/tags?post=125801"}],"curies":[{"name":"wp","href":"https:\/\/api.w.org\/{rel}","templated":true}]}}