{"id":125813,"date":"2019-10-11T13:00:21","date_gmt":"2019-10-11T16:00:21","guid":{"rendered":"http:\/\/www.caririemacao.com\/1\/?p=125813"},"modified":"2019-10-11T13:00:21","modified_gmt":"2019-10-11T16:00:21","slug":"prefeito-sandro-moco-e-elogiado-por-somar-esforcos-em-busca-de-beneficios-para-camalau-em-viagem-a-brasilia","status":"publish","type":"post","link":"https:\/\/www.caririemacao.com\/1\/2019\/10\/11\/prefeito-sandro-moco-e-elogiado-por-somar-esforcos-em-busca-de-beneficios-para-camalau-em-viagem-a-brasilia\/","title":{"rendered":"Prefeito Sandro M\u00f4co \u00e9 elogiado por somar esfor\u00e7os em busca de benef\u00edcios para Camala\u00fa em viagem \u00e0 Bras\u00edlia"},"content":{"rendered":"\n<p>A soma dos esfor\u00e7os de lideran\u00e7as que querem o bem para Camala\u00fa, s\u00f3 poderia gerar frutos positivos.<br>E foram estes frutos que mais uma vez foram colhidos em mais uma visita exitosa do prefeito Sandro M\u00f4co \u00e0 capital federal esta semana, onde o gestor manteve contatos important\u00edssimos e solicitou diversos benef\u00edcios para o munic\u00edpio.<br>Ao lado do deputado federal Pedro Cunha Lima, da senadora Daniela Ribeiro, e at\u00e9 mesmo do governador do estado Jo\u00e3o Azev\u00eado, o prefeito mostrou desenvoltura e mais do que isso, conseguiu alavancar pedidos de a\u00e7\u00f5es e obras para melhorar a vida dos camalauenses.<br>A constru\u00e7\u00e3o de um gin\u00e1sio de esportes no Centro Educacional Odete Maciel Firmo, a nova creche municipal,\u00a0 a reforma do mercado p\u00fablico e a pavimenta\u00e7\u00e3o asf\u00e1ltica em diversas ruas do munic\u00edpio foram alguns dos pleitos encaminhados e que ser\u00e3o realizados em breve pelo atual governo do munic\u00edpio.<br>Al\u00e9m disso, o prefeito solicitou agenda em encontro com o governador Jo\u00e3o Azev\u00eado para tratar de assuntos relativos \u00e0 novas a\u00e7\u00f5es em parceria com o governo estadual, firmando assim uma alian\u00e7a de trabalho, que s\u00f3 vai fazer Camala\u00fa avan\u00e7ar.<br>Veja abaixo, o v\u00eddeo em que o deputado federal Pedro Cunha Lima elogia o gestor camalauense pelo seu empenho e dedica\u00e7\u00e3o pelo crescimento da cidade.<\/p>\n\n\n\n<p><\/p>\n\n\n\n<figure><iframe allowfullscreen=\"true\" height=\"308\" data-src=\"https:\/\/www.facebook.com\/plugins\/video.php?href=https%3A%2F%2Fwww.facebook.com%2Ftinda.oliveira%2Fvideos%2F1755005887963107%2F&amp;show_text=0&amp;width=560\" width=\"560\" src=\"data:image\/svg+xml;base64,PHN2ZyB3aWR0aD0iMSIgaGVpZ2h0PSIxIiB4bWxucz0iaHR0cDovL3d3dy53My5vcmcvMjAwMC9zdmciPjwvc3ZnPg==\" class=\"lazyload\" data-load-mode=\"1\"><\/iframe><\/figure>\n\n\n\n<p><strong>F\u00c1BIO BRITO<\/strong><\/p>\n","protected":false},"excerpt":{"rendered":"<p>A soma dos esfor\u00e7os de lideran\u00e7as que querem o bem para Camala\u00fa, s\u00f3 poderia gerar frutos positivos.E foram estes frutos que mais uma vez foram&hellip; <\/p>\n","protected":false},"author":1,"featured_media":125814,"comment_status":"closed","ping_status":"closed","sticky":false,"template":"","format":"standard","meta":{"sfsi_plus_gutenberg_text_before_share":"","sfsi_plus_gutenberg_show_text_before_share":"","sfsi_plus_gutenberg_icon_type":"","sfsi_plus_gutenberg_icon_alignemt":"","sfsi_plus_gutenburg_max_per_row":"","footnotes":""},"categories":[6,50],"tags":[],"class_list":["post-125813","post","type-post","status-publish","format-standard","has-post-thumbnail","hentry","category-cidades","category-destaque"],"_links":{"self":[{"href":"https:\/\/www.caririemacao.com\/1\/wp-json\/wp\/v2\/posts\/125813","targetHints":{"allow":["GET"]}}],"collection":[{"href":"https:\/\/www.caririemacao.com\/1\/wp-json\/wp\/v2\/posts"}],"about":[{"href":"https:\/\/www.caririemacao.com\/1\/wp-json\/wp\/v2\/types\/post"}],"author":[{"embeddable":true,"href":"https:\/\/www.caririemacao.com\/1\/wp-json\/wp\/v2\/users\/1"}],"replies":[{"embeddable":true,"href":"https:\/\/www.caririemacao.com\/1\/wp-json\/wp\/v2\/comments?post=125813"}],"version-history":[{"count":1,"href":"https:\/\/www.caririemacao.com\/1\/wp-json\/wp\/v2\/posts\/125813\/revisions"}],"predecessor-version":[{"id":125815,"href":"https:\/\/www.caririemacao.com\/1\/wp-json\/wp\/v2\/posts\/125813\/revisions\/125815"}],"wp:featuredmedia":[{"embeddable":true,"href":"https:\/\/www.caririemacao.com\/1\/wp-json\/wp\/v2\/media\/125814"}],"wp:attachment":[{"href":"https:\/\/www.caririemacao.com\/1\/wp-json\/wp\/v2\/media?parent=125813"}],"wp:term":[{"taxonomy":"category","embeddable":true,"href":"https:\/\/www.caririemacao.com\/1\/wp-json\/wp\/v2\/categories?post=125813"},{"taxonomy":"post_tag","embeddable":true,"href":"https:\/\/www.caririemacao.com\/1\/wp-json\/wp\/v2\/tags?post=125813"}],"curies":[{"name":"wp","href":"https:\/\/api.w.org\/{rel}","templated":true}]}}