{"id":125816,"date":"2019-10-11T13:01:13","date_gmt":"2019-10-11T16:01:13","guid":{"rendered":"http:\/\/www.caririemacao.com\/1\/?p=125816"},"modified":"2019-10-11T13:01:13","modified_gmt":"2019-10-11T16:01:13","slug":"prefeitura-municipal-de-prata-inicia-recuperacao-e-instalacoes-de-pocos-na-zona-rural","status":"publish","type":"post","link":"https:\/\/www.caririemacao.com\/1\/2019\/10\/11\/prefeitura-municipal-de-prata-inicia-recuperacao-e-instalacoes-de-pocos-na-zona-rural\/","title":{"rendered":"Prefeitura municipal de Prata inicia recupera\u00e7\u00e3o e instala\u00e7\u00f5es de po\u00e7os na zona rural"},"content":{"rendered":"\n<figure class=\"wp-block-image\"><img decoding=\"async\" data-src=\"https:\/\/1.bp.blogspot.com\/-59sK6rb-nXQ\/XZ90jmmn1dI\/AAAAAAABUIk\/e4-EExWvVJEUSDBqZe_05hnL422U68mgwCLcBGAsYHQ\/s400\/IMG-20191010-WA0008.jpg\" alt=\"IMG-20191010-WA0008\" src=\"data:image\/svg+xml;base64,PHN2ZyB3aWR0aD0iMSIgaGVpZ2h0PSIxIiB4bWxucz0iaHR0cDovL3d3dy53My5vcmcvMjAwMC9zdmciPjwvc3ZnPg==\" class=\"lazyload\" \/><\/figure>\n\n\n\n<p>A prefeitura Municipal de Prata atrav\u00e9s da secretaria municipal de agricultura deu in\u00edcio na \u00faltima ter\u00e7a-feira dia 8 de outubro \u00e0 programa\u00e7\u00e3o de recupera\u00e7\u00e3o e manuten\u00e7\u00e3o de po\u00e7os que apresenta problemas de bombeamento de \u00e1gua.<br>A prefeitura sempre ao longo dos sete anos de governo J\u00fanior N\u00f3brega vem realizando essa programa\u00e7\u00e3o para levar melhores condi\u00e7\u00f5es \u00e0s comunidades rurais mais necessitadas daquele abastecimento.<br>\u201cEstamos enfrentando um momento de crise financeira em todo pa\u00eds e a prefeitura n\u00e3o \u00e9 diferente, mas mesmo assim estamos fazendo o poss\u00edvel para atender e priorizando as comunidades mais carente de abastecimento\u201d, afirmou o secret\u00e1rio de Agricultura Genivaldo Temb\u00f3rio.<br>COM PORTALCARIRIPB\n\n<\/p>\n","protected":false},"excerpt":{"rendered":"<p>A prefeitura Municipal de Prata atrav\u00e9s da secretaria municipal de agricultura deu in\u00edcio na \u00faltima ter\u00e7a-feira dia 8 de outubro \u00e0 programa\u00e7\u00e3o de recupera\u00e7\u00e3o e&hellip; <\/p>\n","protected":false},"author":1,"featured_media":125817,"comment_status":"closed","ping_status":"closed","sticky":false,"template":"","format":"standard","meta":{"sfsi_plus_gutenberg_text_before_share":"","sfsi_plus_gutenberg_show_text_before_share":"","sfsi_plus_gutenberg_icon_type":"","sfsi_plus_gutenberg_icon_alignemt":"","sfsi_plus_gutenburg_max_per_row":"","footnotes":""},"categories":[2],"tags":[],"class_list":["post-125816","post","type-post","status-publish","format-standard","has-post-thumbnail","hentry","category-geral"],"_links":{"self":[{"href":"https:\/\/www.caririemacao.com\/1\/wp-json\/wp\/v2\/posts\/125816","targetHints":{"allow":["GET"]}}],"collection":[{"href":"https:\/\/www.caririemacao.com\/1\/wp-json\/wp\/v2\/posts"}],"about":[{"href":"https:\/\/www.caririemacao.com\/1\/wp-json\/wp\/v2\/types\/post"}],"author":[{"embeddable":true,"href":"https:\/\/www.caririemacao.com\/1\/wp-json\/wp\/v2\/users\/1"}],"replies":[{"embeddable":true,"href":"https:\/\/www.caririemacao.com\/1\/wp-json\/wp\/v2\/comments?post=125816"}],"version-history":[{"count":1,"href":"https:\/\/www.caririemacao.com\/1\/wp-json\/wp\/v2\/posts\/125816\/revisions"}],"predecessor-version":[{"id":125818,"href":"https:\/\/www.caririemacao.com\/1\/wp-json\/wp\/v2\/posts\/125816\/revisions\/125818"}],"wp:featuredmedia":[{"embeddable":true,"href":"https:\/\/www.caririemacao.com\/1\/wp-json\/wp\/v2\/media\/125817"}],"wp:attachment":[{"href":"https:\/\/www.caririemacao.com\/1\/wp-json\/wp\/v2\/media?parent=125816"}],"wp:term":[{"taxonomy":"category","embeddable":true,"href":"https:\/\/www.caririemacao.com\/1\/wp-json\/wp\/v2\/categories?post=125816"},{"taxonomy":"post_tag","embeddable":true,"href":"https:\/\/www.caririemacao.com\/1\/wp-json\/wp\/v2\/tags?post=125816"}],"curies":[{"name":"wp","href":"https:\/\/api.w.org\/{rel}","templated":true}]}}