{"id":125822,"date":"2019-10-11T13:17:01","date_gmt":"2019-10-11T16:17:01","guid":{"rendered":"http:\/\/www.caririemacao.com\/1\/?p=125822"},"modified":"2019-10-11T13:17:01","modified_gmt":"2019-10-11T16:17:01","slug":"dia-das-criancas-e-comemorada-com-muitas-brincadeiras-do-no-cer-ii-e-napse-em-monteiro","status":"publish","type":"post","link":"https:\/\/www.caririemacao.com\/1\/2019\/10\/11\/dia-das-criancas-e-comemorada-com-muitas-brincadeiras-do-no-cer-ii-e-napse-em-monteiro\/","title":{"rendered":"Dia das Crian\u00e7as \u00e9 comemorada com muitas brincadeiras do no CER II e Napse em Monteiro"},"content":{"rendered":"\n<p>M\u00fasica, lanches s e muitas brincadeiras, fizeram a festa dos pequenos atendidas no Centro Especializado em Reabilita\u00e7\u00e3o \u2013 CER II em Monteiro em comemora\u00e7\u00e3o ao Dia das Crian\u00e7as.\u00a0A programa\u00e7\u00e3o aconteceu na pr\u00f3pria sede do CER II para criar um momento de lazer e descontra\u00e7\u00e3o para os usu\u00e1rios. \u201cO maior objetivo do nosso evento hoje \u00e9 a socializa\u00e7\u00e3o, porque n\u00f3s temos crian\u00e7as com defici\u00eancias intelectuais ou f\u00edsicas e nestas comemora\u00e7\u00f5es elas sempre aproveitam alegrando n\u00e3o s\u00f3 os papais, mam\u00e3es e parentes que os acompanham, mas tamb\u00e9m de todos n\u00f3s que fazemos parte da equipe\u201d, declarou a diretora do CER, Ana N\u00f3brega.O momento foi bastante proveitoso para as crian\u00e7as conforme conta a prefeita Anna Lorena: \u201cA festa foi bastante comemorada pelas crian\u00e7as, esse \u00e9 um momento muito gostoso pra todos n\u00f3s, elas se divertiram bastante e o sorriso no rostinho deles e dos familiares \u00e9 a nossa garantia de um trabalho bem feito e dedicado\u201d.<\/p>\n\n\n\n<div class=\"wp-block-image\"><figure class=\"alignleft\"><img decoding=\"async\" data-src=\"https:\/\/i1.wp.com\/www.vitrinedocariri.com.br\/wp-content\/uploads\/2019\/10\/Dia-das-Crian%C3%A7as-%C3%A9-comemorada-com-muitas-brincadeiras-do-no-CER-II-e-Napse-em-Monteiro-3.jpg?resize=300%2C225&amp;ssl=1\" alt=\"\" class=\"wp-image-55003 lazyload\" src=\"data:image\/svg+xml;base64,PHN2ZyB3aWR0aD0iMSIgaGVpZ2h0PSIxIiB4bWxucz0iaHR0cDovL3d3dy53My5vcmcvMjAwMC9zdmciPjwvc3ZnPg==\" \/><\/figure><\/div>\n\n\n\n<p>Napse<br>Para promover alegria, descontra\u00e7\u00e3o e celebrar a import\u00e2ncia da inf\u00e2ncia, o Napse ofereceu diversas atividades para comemorar o Dia das Crian\u00e7as, celebrado em todo dia 12 de outubro. O evento desenvolvido com a participa\u00e7\u00e3o de todos os profissionais da unidade teve m\u00fasica, brincadeiras e lanches aos pequenos e acompanhantes.Para uma das m\u00e3es das crian\u00e7as atendidas \u201ceste \u00e9 um momento muito importante, porque uma das principais coisas que os profissionais, inclusive daqui, recomendam \u00e9 socializa\u00e7\u00e3o e a intera\u00e7\u00e3o das crian\u00e7as, ent\u00e3o promover o encontro com os outros pacientes e de forma t\u00e3o bonita e alegre \u00e9 fundamental. Tamb\u00e9m \u00e9 uma forma de mostrar que elas s\u00e3o importantes\u201d, destacou.Para a diretora do Napse, M\u00e1rcia Fragoso, \u201cessas atividades l\u00fadicas s\u00e3o extremamente importantes para confraternizar com os pais, pois muitos n\u00e3o t\u00eam condi\u00e7\u00f5es financeiras de celebrar a data com os filhos\u201d, afirmou.\n\n<\/p>\n","protected":false},"excerpt":{"rendered":"<p>M\u00fasica, lanches s e muitas brincadeiras, fizeram a festa dos pequenos atendidas no Centro Especializado em Reabilita\u00e7\u00e3o \u2013 CER II em Monteiro em comemora\u00e7\u00e3o ao&hellip; <\/p>\n","protected":false},"author":1,"featured_media":125823,"comment_status":"closed","ping_status":"closed","sticky":false,"template":"","format":"standard","meta":{"sfsi_plus_gutenberg_text_before_share":"","sfsi_plus_gutenberg_show_text_before_share":"","sfsi_plus_gutenberg_icon_type":"","sfsi_plus_gutenberg_icon_alignemt":"","sfsi_plus_gutenburg_max_per_row":"","footnotes":""},"categories":[2],"tags":[],"class_list":["post-125822","post","type-post","status-publish","format-standard","has-post-thumbnail","hentry","category-geral"],"_links":{"self":[{"href":"https:\/\/www.caririemacao.com\/1\/wp-json\/wp\/v2\/posts\/125822","targetHints":{"allow":["GET"]}}],"collection":[{"href":"https:\/\/www.caririemacao.com\/1\/wp-json\/wp\/v2\/posts"}],"about":[{"href":"https:\/\/www.caririemacao.com\/1\/wp-json\/wp\/v2\/types\/post"}],"author":[{"embeddable":true,"href":"https:\/\/www.caririemacao.com\/1\/wp-json\/wp\/v2\/users\/1"}],"replies":[{"embeddable":true,"href":"https:\/\/www.caririemacao.com\/1\/wp-json\/wp\/v2\/comments?post=125822"}],"version-history":[{"count":1,"href":"https:\/\/www.caririemacao.com\/1\/wp-json\/wp\/v2\/posts\/125822\/revisions"}],"predecessor-version":[{"id":125824,"href":"https:\/\/www.caririemacao.com\/1\/wp-json\/wp\/v2\/posts\/125822\/revisions\/125824"}],"wp:featuredmedia":[{"embeddable":true,"href":"https:\/\/www.caririemacao.com\/1\/wp-json\/wp\/v2\/media\/125823"}],"wp:attachment":[{"href":"https:\/\/www.caririemacao.com\/1\/wp-json\/wp\/v2\/media?parent=125822"}],"wp:term":[{"taxonomy":"category","embeddable":true,"href":"https:\/\/www.caririemacao.com\/1\/wp-json\/wp\/v2\/categories?post=125822"},{"taxonomy":"post_tag","embeddable":true,"href":"https:\/\/www.caririemacao.com\/1\/wp-json\/wp\/v2\/tags?post=125822"}],"curies":[{"name":"wp","href":"https:\/\/api.w.org\/{rel}","templated":true}]}}