{"id":125826,"date":"2019-10-11T13:18:56","date_gmt":"2019-10-11T16:18:56","guid":{"rendered":"http:\/\/www.caririemacao.com\/1\/?p=125826"},"modified":"2019-10-11T13:18:56","modified_gmt":"2019-10-11T16:18:56","slug":"em-sao-joao-do-tigre-centenas-de-criancas-comemoram-seu-dia-em-praca-publica","status":"publish","type":"post","link":"https:\/\/www.caririemacao.com\/1\/2019\/10\/11\/em-sao-joao-do-tigre-centenas-de-criancas-comemoram-seu-dia-em-praca-publica\/","title":{"rendered":"Em S\u00e3o Jo\u00e3o do Tigre, centenas de crian\u00e7as comemoram seu dia em pra\u00e7a p\u00fablica"},"content":{"rendered":"\n<p>A Prefeitura de S\u00e3o Jo\u00e3o do Tigre realizou nesta ultima quinta-feira(10), uma grande festa alusiva para as crian\u00e7as do munic\u00edpio.<\/p>\n\n\n\n<p>O evento aconteceu em pra\u00e7a p\u00fablica e reuniu in\u00fameras crian\u00e7as da zona urbana e rural de S\u00e3o Jo\u00e3o do Tigre.<\/p>\n\n\n\n<div class=\"wp-block-image\"><figure class=\"aligncenter\"><img decoding=\"async\" data-src=\"http:\/\/deolhonocariri.com.br\/wp-content\/uploads\/2019\/10\/tigre-3-600x450.jpg\" alt=\"\" class=\"wp-image-72854 lazyload\" src=\"data:image\/svg+xml;base64,PHN2ZyB3aWR0aD0iMSIgaGVpZ2h0PSIxIiB4bWxucz0iaHR0cDovL3d3dy53My5vcmcvMjAwMC9zdmciPjwvc3ZnPg==\" style=\"--smush-placeholder-width: 600px; --smush-placeholder-aspect-ratio: 600\/450;\" \/><\/figure><\/div>\n\n\n\n<p>As crian\u00e7as al\u00e9m de poder brincar em diversos brinquedos receberam pipoca, picol\u00e9, algod\u00e3o doce, e houve ainda brincadeiras onde elas receberam brindes.<\/p>\n\n\n\n<p>O prefeito de S\u00e3o Jo\u00e3o do Tigre, C\u00e9lio Barbosa, esteve prestigiando o evento e parabenizou as crian\u00e7as tigrenses pelo dia das crian\u00e7as.<\/p>\n\n\n\n<p>\u201cNosso intuito \u00e9 esse: levar alegria \u00e0s crian\u00e7as de nosso munic\u00edpio. Como \u00e9 bom ver a pra\u00e7a lotada. A nossa equipe esteve empenhada para fazer um evento digno da gest\u00e3o do Prefeito C\u00e9lio que sempre nos d\u00e1 carta branca para que possamos fazer sempre uma grande festa.\u201d comentou a Secret\u00e1ria de educa\u00e7\u00e3o Cristiane Costa.<\/p>\n\n\n\n<p>\u201cComo \u00e9 bom ver esses jovens tendo acesso a tudo gratuitamente. Vendo isso me passa um filme de quando era crian\u00e7a. Como \u00e9 bom agora como gestor poder fazer alegria de tantas crian\u00e7as e isso nos d\u00e1 muita alegria\u201d afirmou o Prefeito C\u00e9lio Barbosa.<\/p>\n\n\n\n<p><em>Com Fest PB<\/em><\/p>\n","protected":false},"excerpt":{"rendered":"<p>A Prefeitura de S\u00e3o Jo\u00e3o do Tigre realizou nesta ultima quinta-feira(10), uma grande festa alusiva para as crian\u00e7as do munic\u00edpio. O evento aconteceu em pra\u00e7a&hellip; <\/p>\n","protected":false},"author":1,"featured_media":125827,"comment_status":"closed","ping_status":"closed","sticky":false,"template":"","format":"standard","meta":{"sfsi_plus_gutenberg_text_before_share":"","sfsi_plus_gutenberg_show_text_before_share":"","sfsi_plus_gutenberg_icon_type":"","sfsi_plus_gutenberg_icon_alignemt":"","sfsi_plus_gutenburg_max_per_row":"","footnotes":""},"categories":[6],"tags":[],"class_list":["post-125826","post","type-post","status-publish","format-standard","has-post-thumbnail","hentry","category-cidades"],"_links":{"self":[{"href":"https:\/\/www.caririemacao.com\/1\/wp-json\/wp\/v2\/posts\/125826","targetHints":{"allow":["GET"]}}],"collection":[{"href":"https:\/\/www.caririemacao.com\/1\/wp-json\/wp\/v2\/posts"}],"about":[{"href":"https:\/\/www.caririemacao.com\/1\/wp-json\/wp\/v2\/types\/post"}],"author":[{"embeddable":true,"href":"https:\/\/www.caririemacao.com\/1\/wp-json\/wp\/v2\/users\/1"}],"replies":[{"embeddable":true,"href":"https:\/\/www.caririemacao.com\/1\/wp-json\/wp\/v2\/comments?post=125826"}],"version-history":[{"count":1,"href":"https:\/\/www.caririemacao.com\/1\/wp-json\/wp\/v2\/posts\/125826\/revisions"}],"predecessor-version":[{"id":125828,"href":"https:\/\/www.caririemacao.com\/1\/wp-json\/wp\/v2\/posts\/125826\/revisions\/125828"}],"wp:featuredmedia":[{"embeddable":true,"href":"https:\/\/www.caririemacao.com\/1\/wp-json\/wp\/v2\/media\/125827"}],"wp:attachment":[{"href":"https:\/\/www.caririemacao.com\/1\/wp-json\/wp\/v2\/media?parent=125826"}],"wp:term":[{"taxonomy":"category","embeddable":true,"href":"https:\/\/www.caririemacao.com\/1\/wp-json\/wp\/v2\/categories?post=125826"},{"taxonomy":"post_tag","embeddable":true,"href":"https:\/\/www.caririemacao.com\/1\/wp-json\/wp\/v2\/tags?post=125826"}],"curies":[{"name":"wp","href":"https:\/\/api.w.org\/{rel}","templated":true}]}}