{"id":125831,"date":"2019-10-11T13:24:20","date_gmt":"2019-10-11T16:24:20","guid":{"rendered":"http:\/\/www.caririemacao.com\/1\/?p=125831"},"modified":"2019-10-11T13:24:20","modified_gmt":"2019-10-11T16:24:20","slug":"conforme-prometido-cagepa-inicia-substituicao-da-tubulacao-da-adutora-do-congo-2","status":"publish","type":"post","link":"https:\/\/www.caririemacao.com\/1\/2019\/10\/11\/conforme-prometido-cagepa-inicia-substituicao-da-tubulacao-da-adutora-do-congo-2\/","title":{"rendered":"Conforme prometido, CAGEPA inicia substitui\u00e7\u00e3o da tubula\u00e7\u00e3o da Adutora do Congo"},"content":{"rendered":"\n<p>A Cagepa j\u00e1 enviou \u00e0 regi\u00e3o do Cariri a tubula\u00e7\u00e3o necess\u00e1ria para substitui\u00e7\u00e3o de trecho cr\u00edtico da Adutora do Congo. Ser\u00e1 substitu\u00edda a tubula\u00e7\u00e3o de 1,3km de extens\u00e3o, localizada entre a cidade de Sum\u00e9 e o distrito de Santa Luzia do Cariri.<\/p>\n\n\n\n<p>Os t\u00e9cnicos da Cagepa j\u00e1 iniciaram nesta quinta-feira (10) os servi\u00e7os e nos pr\u00f3ximos meses espera que a Adutora esteja com parte da tubula\u00e7\u00e3o trocada e assim diminua a incid\u00eancia de vazamentos em sua estrutura.<\/p>\n\n\n\n<p>O diretor regional da Cagepa, Andr\u00e9, informou que at\u00e9 o final do m\u00eas a empresa tamb\u00e9m dar\u00e1 in\u00edcio a constru\u00e7\u00e3o da Sub Adutora na rede de distribui\u00e7\u00e3o de Serra Branca, produzindo assim um conjunto de a\u00e7\u00f5es que visam melhorar o abastecimento da cidade.<\/p>\n\n\n\n<p><strong>De Olho no Cariri<\/strong><\/p>\n","protected":false},"excerpt":{"rendered":"<p>A Cagepa j\u00e1 enviou \u00e0 regi\u00e3o do Cariri a tubula\u00e7\u00e3o necess\u00e1ria para substitui\u00e7\u00e3o de trecho cr\u00edtico da Adutora do Congo. Ser\u00e1 substitu\u00edda a tubula\u00e7\u00e3o de&hellip; <\/p>\n","protected":false},"author":1,"featured_media":125832,"comment_status":"closed","ping_status":"closed","sticky":false,"template":"","format":"standard","meta":{"sfsi_plus_gutenberg_text_before_share":"","sfsi_plus_gutenberg_show_text_before_share":"","sfsi_plus_gutenberg_icon_type":"","sfsi_plus_gutenberg_icon_alignemt":"","sfsi_plus_gutenburg_max_per_row":"","footnotes":""},"categories":[2],"tags":[],"class_list":["post-125831","post","type-post","status-publish","format-standard","has-post-thumbnail","hentry","category-geral"],"_links":{"self":[{"href":"https:\/\/www.caririemacao.com\/1\/wp-json\/wp\/v2\/posts\/125831","targetHints":{"allow":["GET"]}}],"collection":[{"href":"https:\/\/www.caririemacao.com\/1\/wp-json\/wp\/v2\/posts"}],"about":[{"href":"https:\/\/www.caririemacao.com\/1\/wp-json\/wp\/v2\/types\/post"}],"author":[{"embeddable":true,"href":"https:\/\/www.caririemacao.com\/1\/wp-json\/wp\/v2\/users\/1"}],"replies":[{"embeddable":true,"href":"https:\/\/www.caririemacao.com\/1\/wp-json\/wp\/v2\/comments?post=125831"}],"version-history":[{"count":1,"href":"https:\/\/www.caririemacao.com\/1\/wp-json\/wp\/v2\/posts\/125831\/revisions"}],"predecessor-version":[{"id":125833,"href":"https:\/\/www.caririemacao.com\/1\/wp-json\/wp\/v2\/posts\/125831\/revisions\/125833"}],"wp:featuredmedia":[{"embeddable":true,"href":"https:\/\/www.caririemacao.com\/1\/wp-json\/wp\/v2\/media\/125832"}],"wp:attachment":[{"href":"https:\/\/www.caririemacao.com\/1\/wp-json\/wp\/v2\/media?parent=125831"}],"wp:term":[{"taxonomy":"category","embeddable":true,"href":"https:\/\/www.caririemacao.com\/1\/wp-json\/wp\/v2\/categories?post=125831"},{"taxonomy":"post_tag","embeddable":true,"href":"https:\/\/www.caririemacao.com\/1\/wp-json\/wp\/v2\/tags?post=125831"}],"curies":[{"name":"wp","href":"https:\/\/api.w.org\/{rel}","templated":true}]}}