{"id":125834,"date":"2019-10-11T13:28:01","date_gmt":"2019-10-11T16:28:01","guid":{"rendered":"http:\/\/www.caririemacao.com\/1\/?p=125834"},"modified":"2019-10-11T13:28:01","modified_gmt":"2019-10-11T16:28:01","slug":"tjpb-coloca-em-pauta-desinstalacao-de-tres-comarcas-e-uma-vara-mista-na-regiao-do-cariri-2","status":"publish","type":"post","link":"https:\/\/www.caririemacao.com\/1\/2019\/10\/11\/tjpb-coloca-em-pauta-desinstalacao-de-tres-comarcas-e-uma-vara-mista-na-regiao-do-cariri-2\/","title":{"rendered":"TJPB coloca em pauta desinstala\u00e7\u00e3o de tr\u00eas comarcas e uma Vara Mista na regi\u00e3o do Cariri"},"content":{"rendered":"\n<p>Depois de meses de debates internos, o Tribunal de Justi\u00e7a da Para\u00edba (TJPB) decidiu colocar em pauta o projeto de desinstala\u00e7\u00e3o de 15 Comarcas e 4 Varas do Estado. A proposta ser\u00e1 analisada pelo Plen\u00e1rio na sess\u00e3o da pr\u00f3xima quarta-feira (16). Para a presid\u00eancia do TJPB, a desinstala\u00e7\u00e3o das unidades trar\u00e1 economia e agilidade para o Judici\u00e1rio paraibano.<\/p>\n\n\n\n<p>Na regi\u00e3o do Cariri, tr\u00eas comarcas e uma Vara Mista dever\u00e3o ser desinstaladas, afetando diversas pessoas que necessitam do servi\u00e7o prestado pelo Judici\u00e1rio nestas cidades.&nbsp;<strong><em>Confira a lista abaixo em negrito.&nbsp;<\/em><\/strong><\/p>\n\n\n\n<p>O projeto, por\u00e9m, \u00e9 alvo de cr\u00edticas por parte de advogados e at\u00e9 mesmo das popula\u00e7\u00f5es onde as Comarcas poder\u00e3o ser desinstaladas. O receio \u00e9 de que o acesso ao Judici\u00e1rio fique prejudicado por conta de longas dist\u00e2ncias entre os munic\u00edpios. No m\u00eas passado, por exemplo, moradores da cidade de Barra de Santa Rosa fizeram uma manifesta\u00e7\u00e3o em frente ao f\u00f3rum, pedindo a manuten\u00e7\u00e3o da unidade.<\/p>\n\n\n\n<p>\u201cAs Comarcas que est\u00e3o sendo estudadas n\u00e3o s\u00e3o para extinguir, mas sim para termos uma agrega\u00e7\u00e3o provis\u00f3ria, em muitos casos, para que essas Comarcas onde hoje n\u00e3o h\u00e1 ju\u00edzes nem condi\u00e7\u00f5es financeiras de nomear, sejam agregadas. E com essa economia gerada o jurisdicionado realmente possa encontrar um juiz e tenha o seu processo julgado\u201d, argumentou o desembargador M\u00e1rcio Murilo da Cunha Ramos, presidente do TJ.<\/p>\n\n\n\n<p><strong>Confira a lista das Comarcas e Varas<\/strong><\/p>\n\n\n\n<p>Ara\u00e7agi (dever\u00e1 ser remanejada para Guarabira)<\/p>\n\n\n\n<p>Barra de Santa Rosa (dever\u00e1 ser remanejada para Cuit\u00e9)<\/p>\n\n\n\n<p>Brejo do Cruz (dever\u00e1 ser remanejada para Catol\u00e9 do Rocha)<\/p>\n\n\n\n<p>Cacimba de Dentro (dever\u00e1 ser remanejada para Araruna)<\/p>\n\n\n\n<p>Malta (dever\u00e1 ser remanejada para Patos)<\/p>\n\n\n\n<p>Pil\u00f5es (dever\u00e1 ser remanejada para Guarabira)<\/p>\n\n\n\n<p>Santana dos Garrotes (dever\u00e1 ser remanejada para Pianc\u00f3)<\/p>\n\n\n\n<p>S\u00e3o Mamede (dever\u00e1 ser remanejada para Patos)<\/p>\n\n\n\n<p>Arara (dever\u00e1 ser remanejada para Sol\u00e2nea)<\/p>\n\n\n\n<p>Bonito de Santa F\u00e9 (dever\u00e1 ser remanejada para S\u00e3o Jos\u00e9 de Piranhas)<\/p>\n\n\n\n<p><strong><em>Cabaceiras (dever\u00e1 ser remanejada para Boqueir\u00e3o)<\/em><\/strong><\/p>\n\n\n\n<p>Paulista (dever\u00e1 ser remanejada para S\u00e3o Bento)<\/p>\n\n\n\n<p><em><strong>Prata (dever\u00e1 ser remanejada para Sum\u00e9)<\/strong><\/em><\/p>\n\n\n\n<p><em><strong>S\u00e3o Jo\u00e3o do Cariri (dever\u00e1 ser remanejada para Serra Branca)<\/strong><\/em><\/p>\n\n\n\n<p>Serraria (dever\u00e1 ser remanejada para Bananeiras)<\/p>\n\n\n\n<p>2\u00aa Vara Mista de Concei\u00e7\u00e3o (dever\u00e1 ser desinstalada)<\/p>\n\n\n\n<p><em><strong>3\u00aa Vara Mista de Monteiro (dever\u00e1 ser desinstalada)<\/strong><\/em><\/p>\n\n\n\n<p>2\u00aa Vara Mista de Princesa Isabel (dever\u00e1 ser desinstalada)<\/p>\n\n\n\n<p>3\u00aa Vara Mista de Princesa Isabel (dever\u00e1 ser desinstalada)<\/p>\n","protected":false},"excerpt":{"rendered":"<p>Depois de meses de debates internos, o Tribunal de Justi\u00e7a da Para\u00edba (TJPB) decidiu colocar em pauta o projeto de desinstala\u00e7\u00e3o de 15 Comarcas e&hellip; <\/p>\n","protected":false},"author":1,"featured_media":24269,"comment_status":"closed","ping_status":"closed","sticky":false,"template":"","format":"standard","meta":{"sfsi_plus_gutenberg_text_before_share":"","sfsi_plus_gutenberg_show_text_before_share":"","sfsi_plus_gutenberg_icon_type":"","sfsi_plus_gutenberg_icon_alignemt":"","sfsi_plus_gutenburg_max_per_row":"","footnotes":""},"categories":[6,50],"tags":[],"class_list":["post-125834","post","type-post","status-publish","format-standard","has-post-thumbnail","hentry","category-cidades","category-destaque"],"_links":{"self":[{"href":"https:\/\/www.caririemacao.com\/1\/wp-json\/wp\/v2\/posts\/125834","targetHints":{"allow":["GET"]}}],"collection":[{"href":"https:\/\/www.caririemacao.com\/1\/wp-json\/wp\/v2\/posts"}],"about":[{"href":"https:\/\/www.caririemacao.com\/1\/wp-json\/wp\/v2\/types\/post"}],"author":[{"embeddable":true,"href":"https:\/\/www.caririemacao.com\/1\/wp-json\/wp\/v2\/users\/1"}],"replies":[{"embeddable":true,"href":"https:\/\/www.caririemacao.com\/1\/wp-json\/wp\/v2\/comments?post=125834"}],"version-history":[{"count":1,"href":"https:\/\/www.caririemacao.com\/1\/wp-json\/wp\/v2\/posts\/125834\/revisions"}],"predecessor-version":[{"id":125835,"href":"https:\/\/www.caririemacao.com\/1\/wp-json\/wp\/v2\/posts\/125834\/revisions\/125835"}],"wp:featuredmedia":[{"embeddable":true,"href":"https:\/\/www.caririemacao.com\/1\/wp-json\/wp\/v2\/media\/24269"}],"wp:attachment":[{"href":"https:\/\/www.caririemacao.com\/1\/wp-json\/wp\/v2\/media?parent=125834"}],"wp:term":[{"taxonomy":"category","embeddable":true,"href":"https:\/\/www.caririemacao.com\/1\/wp-json\/wp\/v2\/categories?post=125834"},{"taxonomy":"post_tag","embeddable":true,"href":"https:\/\/www.caririemacao.com\/1\/wp-json\/wp\/v2\/tags?post=125834"}],"curies":[{"name":"wp","href":"https:\/\/api.w.org\/{rel}","templated":true}]}}