{"id":125849,"date":"2019-10-11T14:06:31","date_gmt":"2019-10-11T17:06:31","guid":{"rendered":"http:\/\/www.caririemacao.com\/1\/?p=125849"},"modified":"2019-10-11T14:06:31","modified_gmt":"2019-10-11T17:06:31","slug":"paraiba-tera-orcamento-de-mais-de-r-20-milhoes-para-a-saude-em-2020","status":"publish","type":"post","link":"https:\/\/www.caririemacao.com\/1\/2019\/10\/11\/paraiba-tera-orcamento-de-mais-de-r-20-milhoes-para-a-saude-em-2020\/","title":{"rendered":"Para\u00edba ter\u00e1 or\u00e7amento de mais de R$ 20 milh\u00f5es para a sa\u00fade em 2020"},"content":{"rendered":"\n<p>A Para\u00edba deve receber pelo menos R$ 20,943 milh\u00f5es do Minist\u00e9rio da Sa\u00fade em 2020. Este \u00e9 o valor do Piso Fixo de Vigil\u00e2ncia em Sa\u00fade (PFVS) previsto na Portaria N\u00ba 2.663, publicada no Di\u00e1rio Oficial da Uni\u00e3o desta sexta-feira (11).<\/p>\n\n\n\n<p><a href=\"http:\/\/www.in.gov.br\/en\/web\/dou\/-\/portaria-n-2.663-de-9-de-outubro-de-2019-221313223\">Confira a portaria<\/a><br><\/p>\n\n\n\n<p>De acordo com a portaria, os Estados e Munic\u00edpios ter\u00e3o at\u00e9 30 dias para encaminhar \u00e0 Secretaria de Vigil\u00e2ncia em Sa\u00fade do minist\u00e9rio, a Resolu\u00e7\u00e3o CIB (Comiss\u00e3o Intergestora Bipartite) com a distribui\u00e7\u00e3o do valor de recursos financeiros a serem repassados pelo Minist\u00e9rio da Sa\u00fade para a Secretaria de Sa\u00fade do Estado e a cada uma das Secretarias de Sa\u00fade dos Munic\u00edpios.<\/p>\n\n\n\n<p>Para os Laborat\u00f3rios de Sa\u00fade P\u00fablica \u2013 LACEN, a Para\u00edba receber\u00e1 R$ 1,8 milh\u00e3o,<br>dividido em parcelas mensais de R$ 150 mil.<\/p>\n","protected":false},"excerpt":{"rendered":"<p>A Para\u00edba deve receber pelo menos R$ 20,943 milh\u00f5es do Minist\u00e9rio da Sa\u00fade em 2020. Este \u00e9 o valor do Piso Fixo de Vigil\u00e2ncia em&hellip; <\/p>\n","protected":false},"author":1,"featured_media":106099,"comment_status":"closed","ping_status":"closed","sticky":false,"template":"","format":"standard","meta":{"sfsi_plus_gutenberg_text_before_share":"","sfsi_plus_gutenberg_show_text_before_share":"","sfsi_plus_gutenberg_icon_type":"","sfsi_plus_gutenberg_icon_alignemt":"","sfsi_plus_gutenburg_max_per_row":"","footnotes":""},"categories":[16],"tags":[],"class_list":["post-125849","post","type-post","status-publish","format-standard","has-post-thumbnail","hentry","category-saude"],"_links":{"self":[{"href":"https:\/\/www.caririemacao.com\/1\/wp-json\/wp\/v2\/posts\/125849","targetHints":{"allow":["GET"]}}],"collection":[{"href":"https:\/\/www.caririemacao.com\/1\/wp-json\/wp\/v2\/posts"}],"about":[{"href":"https:\/\/www.caririemacao.com\/1\/wp-json\/wp\/v2\/types\/post"}],"author":[{"embeddable":true,"href":"https:\/\/www.caririemacao.com\/1\/wp-json\/wp\/v2\/users\/1"}],"replies":[{"embeddable":true,"href":"https:\/\/www.caririemacao.com\/1\/wp-json\/wp\/v2\/comments?post=125849"}],"version-history":[{"count":1,"href":"https:\/\/www.caririemacao.com\/1\/wp-json\/wp\/v2\/posts\/125849\/revisions"}],"predecessor-version":[{"id":125850,"href":"https:\/\/www.caririemacao.com\/1\/wp-json\/wp\/v2\/posts\/125849\/revisions\/125850"}],"wp:featuredmedia":[{"embeddable":true,"href":"https:\/\/www.caririemacao.com\/1\/wp-json\/wp\/v2\/media\/106099"}],"wp:attachment":[{"href":"https:\/\/www.caririemacao.com\/1\/wp-json\/wp\/v2\/media?parent=125849"}],"wp:term":[{"taxonomy":"category","embeddable":true,"href":"https:\/\/www.caririemacao.com\/1\/wp-json\/wp\/v2\/categories?post=125849"},{"taxonomy":"post_tag","embeddable":true,"href":"https:\/\/www.caririemacao.com\/1\/wp-json\/wp\/v2\/tags?post=125849"}],"curies":[{"name":"wp","href":"https:\/\/api.w.org\/{rel}","templated":true}]}}