{"id":125859,"date":"2019-10-11T14:10:13","date_gmt":"2019-10-11T17:10:13","guid":{"rendered":"http:\/\/www.caririemacao.com\/1\/?p=125859"},"modified":"2019-10-11T14:10:13","modified_gmt":"2019-10-11T17:10:13","slug":"moro-diz-que-bolsonaro-respeita-autonomia-da-pf-apesar-de-insatisfacao-pontual","status":"publish","type":"post","link":"https:\/\/www.caririemacao.com\/1\/2019\/10\/11\/moro-diz-que-bolsonaro-respeita-autonomia-da-pf-apesar-de-insatisfacao-pontual\/","title":{"rendered":"Moro diz que Bolsonaro respeita autonomia da PF, apesar de insatisfa\u00e7\u00e3o pontual"},"content":{"rendered":"\n<p>O ministro da Justi\u00e7a, Sergio Moro, afirmou nesta sexta-feira (11) que o presidente Jair Bolsonaro respeita a autonomia da Pol\u00edcia Federal, &#8220;ainda que possa estar insatisfeito&#8221; com situa\u00e7\u00f5es como o inqu\u00e9rito que resultou no indiciamento do ministro do Turismo, Marcelo \u00c1lvaro Ant\u00f4nio.<br><\/p>\n\n\n\n<p>Um dia antes, em live semanal transmitida nas redes sociais, Bolsonaro afirmou que o respons\u00e1vel pela investiga\u00e7\u00e3o policial &#8220;agiu de m\u00e1-f\u00e9&#8221;, que houve &#8220;exagero&#8221; no inqu\u00e9rito e que a inten\u00e7\u00e3o n\u00e3o foi atingir o ministro, mas sim o presidente da Rep\u00fablica.<\/p>\n\n\n\n<p>\u00c1lvaro Ant\u00f4nio foi denunciado pelo Minist\u00e9rio P\u00fablico e indiciado pela Pol\u00edcia Federal sob suspeita de envolvimento no esquema de candidaturas de laranjas do PSL em Minas Gerais, revelado pela Folha.<\/p>\n\n\n\n<p>Nesta sexta-feira, ao ser questionado pela Folha de S.Paulo sobre as cr\u00edticas de Bolsonaro ao inqu\u00e9rito, Moro afirmou que n\u00e3o comentaria as declara\u00e7\u00f5es do presidente, mas em seguida afirmou que &#8220;a Pol\u00edcia Federal vem realizando nesse caso e em todos os casos o seu trabalho com autonomia, e isso vai continuar ocorrendo&#8221;.<br>Segundo ele, &#8220;o presidente respeita a institui\u00e7\u00e3o e essa autonomia, ainda que possa estar insatisfeito com uma ou outra situa\u00e7\u00e3o.&#8221;<\/p>\n\n\n\n<p>Moro tamb\u00e9m se recusou a comentar declara\u00e7\u00f5es feitas pelo senador Renan Calheiros (MDB-AL), que disse em entrevista \u00e0 Folha de S.Paulo que o ministro da Justi\u00e7a tem uma forma\u00e7\u00e3o intelectual fascista.&nbsp;<\/p>\n\n\n\n<p>Em seguida, por\u00e9m, disse que as cr\u00edticas a seu pacote anticrime fazem parte de &#8220;um jogo pol\u00edtico de pessoas que n\u00e3o querem avan\u00e7ar contra (&#8230;) a corrup\u00e7\u00e3o, porque vivem nesse sistema e se d\u00e3o bem nele&#8221;.<\/p>\n\n\n\n<p>Ao abordar resist\u00eancias ao seu pacote anticrime, o ministro voltou a dizer que &#8220;n\u00e3o existe nenhuma licen\u00e7a para matar nesse projeto&#8221;. &#8220;A norma que mais questionam \u00e9 uma c\u00f3pia de um dispositivo do c\u00f3digo penal alem\u00e3o e portugu\u00eas, que ningu\u00e9m chama de fascistas.&#8221;<br><\/p>\n","protected":false},"excerpt":{"rendered":"<p>O ministro da Justi\u00e7a, Sergio Moro, afirmou nesta sexta-feira (11) que o presidente Jair Bolsonaro respeita a autonomia da Pol\u00edcia Federal, &#8220;ainda que possa estar&hellip; <\/p>\n","protected":false},"author":1,"featured_media":106330,"comment_status":"closed","ping_status":"closed","sticky":false,"template":"","format":"standard","meta":{"sfsi_plus_gutenberg_text_before_share":"","sfsi_plus_gutenberg_show_text_before_share":"","sfsi_plus_gutenberg_icon_type":"","sfsi_plus_gutenberg_icon_alignemt":"","sfsi_plus_gutenburg_max_per_row":"","footnotes":""},"categories":[11],"tags":[],"class_list":["post-125859","post","type-post","status-publish","format-standard","has-post-thumbnail","hentry","category-politica"],"_links":{"self":[{"href":"https:\/\/www.caririemacao.com\/1\/wp-json\/wp\/v2\/posts\/125859","targetHints":{"allow":["GET"]}}],"collection":[{"href":"https:\/\/www.caririemacao.com\/1\/wp-json\/wp\/v2\/posts"}],"about":[{"href":"https:\/\/www.caririemacao.com\/1\/wp-json\/wp\/v2\/types\/post"}],"author":[{"embeddable":true,"href":"https:\/\/www.caririemacao.com\/1\/wp-json\/wp\/v2\/users\/1"}],"replies":[{"embeddable":true,"href":"https:\/\/www.caririemacao.com\/1\/wp-json\/wp\/v2\/comments?post=125859"}],"version-history":[{"count":1,"href":"https:\/\/www.caririemacao.com\/1\/wp-json\/wp\/v2\/posts\/125859\/revisions"}],"predecessor-version":[{"id":125860,"href":"https:\/\/www.caririemacao.com\/1\/wp-json\/wp\/v2\/posts\/125859\/revisions\/125860"}],"wp:featuredmedia":[{"embeddable":true,"href":"https:\/\/www.caririemacao.com\/1\/wp-json\/wp\/v2\/media\/106330"}],"wp:attachment":[{"href":"https:\/\/www.caririemacao.com\/1\/wp-json\/wp\/v2\/media?parent=125859"}],"wp:term":[{"taxonomy":"category","embeddable":true,"href":"https:\/\/www.caririemacao.com\/1\/wp-json\/wp\/v2\/categories?post=125859"},{"taxonomy":"post_tag","embeddable":true,"href":"https:\/\/www.caririemacao.com\/1\/wp-json\/wp\/v2\/tags?post=125859"}],"curies":[{"name":"wp","href":"https:\/\/api.w.org\/{rel}","templated":true}]}}