{"id":125863,"date":"2019-10-11T14:11:54","date_gmt":"2019-10-11T17:11:54","guid":{"rendered":"http:\/\/www.caririemacao.com\/1\/?p=125863"},"modified":"2019-10-11T14:11:54","modified_gmt":"2019-10-11T17:11:54","slug":"governador-revela-aumento-de-mais-de-200-no-numero-de-doacoes-de-orgaos-na-paraiba","status":"publish","type":"post","link":"https:\/\/www.caririemacao.com\/1\/2019\/10\/11\/governador-revela-aumento-de-mais-de-200-no-numero-de-doacoes-de-orgaos-na-paraiba\/","title":{"rendered":"Governador revela aumento de mais de 200% no n\u00famero de doa\u00e7\u00f5es de \u00f3rg\u00e3os na Para\u00edba"},"content":{"rendered":"\n<p>O governador da Para\u00edba, Jo\u00e3o Azev\u00eado revelou&nbsp;na manh\u00e3 desta sexta-feira (11), que o n\u00famero de doa\u00e7\u00f5es de \u00f3rg\u00e3os no Estado subiu para 200% em 2019. Jo\u00e3o disse&nbsp;que \u00e9 importante frizar que esse aumento passa pela conscientiza\u00e7\u00e3o da popula\u00e7\u00e3o sobre o assunto.<\/p>\n\n\n\n<p>Para o governador a doa\u00e7\u00e3o de \u00f3rg\u00e3os \u00e9 um gesto de grandeza.<\/p>\n\n\n\n<p>&#8221; \u00c9 uma situa\u00e7\u00e3o extremamente dolorosa para uma fam\u00edlia ter um ente nesta condi\u00e7\u00e3o, mas ao mesmo tempo \u00e9 um gesto de grandeza enorme, voc\u00ea permitir que os \u00f3rg\u00e3os daquela&nbsp;pessoa que atingiu essa condi\u00e7\u00e3o sejam doados&#8221;, disse o governador.<\/p>\n\n\n\n<p>Jo\u00e3o finaliza dizendo que a campanha realizada para a doa\u00e7\u00e3o de \u00f3rg\u00e3os, surtiu efeito e que o Estado foi destaque pelo crescimento na \u00e1rea de doadores principalmente, mas tamb\u00e9m na possibilidade de fazer transplantes.&nbsp;<\/p>\n\n\n\n<p>A fala do governador vem no dia em que&nbsp;<a href=\"https:\/\/www.clickpb.com.br\/saude\/apos-10-anos-transplante-de-coracao-volta-ser-realizado-na-paraiba-269631.html\">ap\u00f3s 10 anos, o Estado da Para\u00edba volta a realizar um transplante de cora\u00e7\u00e3o<\/a>. A capta\u00e7\u00e3o acontece no Hospital de Trauma de Jo\u00e3o Pessoa e o transplante no Hospital Nossa Senhora das Neves.<\/p>\n","protected":false},"excerpt":{"rendered":"<p>O governador da Para\u00edba, Jo\u00e3o Azev\u00eado revelou&nbsp;na manh\u00e3 desta sexta-feira (11), que o n\u00famero de doa\u00e7\u00f5es de \u00f3rg\u00e3os no Estado subiu para 200% em 2019.&hellip; <\/p>\n","protected":false},"author":1,"featured_media":111997,"comment_status":"closed","ping_status":"closed","sticky":false,"template":"","format":"standard","meta":{"sfsi_plus_gutenberg_text_before_share":"","sfsi_plus_gutenberg_show_text_before_share":"","sfsi_plus_gutenberg_icon_type":"","sfsi_plus_gutenberg_icon_alignemt":"","sfsi_plus_gutenburg_max_per_row":"","footnotes":""},"categories":[11],"tags":[],"class_list":["post-125863","post","type-post","status-publish","format-standard","has-post-thumbnail","hentry","category-politica"],"_links":{"self":[{"href":"https:\/\/www.caririemacao.com\/1\/wp-json\/wp\/v2\/posts\/125863","targetHints":{"allow":["GET"]}}],"collection":[{"href":"https:\/\/www.caririemacao.com\/1\/wp-json\/wp\/v2\/posts"}],"about":[{"href":"https:\/\/www.caririemacao.com\/1\/wp-json\/wp\/v2\/types\/post"}],"author":[{"embeddable":true,"href":"https:\/\/www.caririemacao.com\/1\/wp-json\/wp\/v2\/users\/1"}],"replies":[{"embeddable":true,"href":"https:\/\/www.caririemacao.com\/1\/wp-json\/wp\/v2\/comments?post=125863"}],"version-history":[{"count":1,"href":"https:\/\/www.caririemacao.com\/1\/wp-json\/wp\/v2\/posts\/125863\/revisions"}],"predecessor-version":[{"id":125864,"href":"https:\/\/www.caririemacao.com\/1\/wp-json\/wp\/v2\/posts\/125863\/revisions\/125864"}],"wp:featuredmedia":[{"embeddable":true,"href":"https:\/\/www.caririemacao.com\/1\/wp-json\/wp\/v2\/media\/111997"}],"wp:attachment":[{"href":"https:\/\/www.caririemacao.com\/1\/wp-json\/wp\/v2\/media?parent=125863"}],"wp:term":[{"taxonomy":"category","embeddable":true,"href":"https:\/\/www.caririemacao.com\/1\/wp-json\/wp\/v2\/categories?post=125863"},{"taxonomy":"post_tag","embeddable":true,"href":"https:\/\/www.caririemacao.com\/1\/wp-json\/wp\/v2\/tags?post=125863"}],"curies":[{"name":"wp","href":"https:\/\/api.w.org\/{rel}","templated":true}]}}