{"id":125867,"date":"2019-10-11T14:14:06","date_gmt":"2019-10-11T17:14:06","guid":{"rendered":"http:\/\/www.caririemacao.com\/1\/?p=125867"},"modified":"2019-10-11T14:14:06","modified_gmt":"2019-10-11T17:14:06","slug":"apos-10-anos-transplante-de-coracao-volta-a-ser-realizado-na-paraiba","status":"publish","type":"post","link":"https:\/\/www.caririemacao.com\/1\/2019\/10\/11\/apos-10-anos-transplante-de-coracao-volta-a-ser-realizado-na-paraiba\/","title":{"rendered":"Ap\u00f3s 10 anos, transplante de cora\u00e7\u00e3o volta a ser realizado na Para\u00edba"},"content":{"rendered":"\n<p>Nesta sexta-feira (11), ap\u00f3s 10 anos, o Estado da Para\u00edba volta a realizar transplante de cora\u00e7\u00e3o. De acordo com o secret\u00e1rio de Sa\u00fade, Geraldo Medeiros, o paciente doador se encontra no Hospital de Trauma de Jo\u00e3o Pessoa.&nbsp;<\/p>\n\n\n\n<p>A capta\u00e7\u00e3o do \u00f3rg\u00e3o acontece por volta das 11h e segue para o Hospital Nossa das Neves, onde ser\u00e1 realizado o transplante, \u00e0s 13h em um paraibano de 48 anos.&nbsp;<\/p>\n\n\n\n<p>Tamb\u00e9m ser\u00e3o doados o f\u00edgado e os rins, que possivelmente ser\u00e3o transplantados para pacientes do mesmo hospital. O f\u00edgado ainda est\u00e1 a definir, mas a receptora dever\u00e1 ser uma paraibana de 42 anos.<\/p>\n\n\n\n<p>Ainda de acordo com Geraldo Medeiros toda a equipe j\u00e1 est\u00e1 mobilizada para a realiza\u00e7\u00e3o da capta\u00e7\u00e3o e do transplante.&nbsp;<\/p>\n\n\n\n<p>No ano de 2019, a Para\u00edba vem registrando v\u00e1rios transplantes de f\u00edgado, c\u00f3rneas e rins.&nbsp;<\/p>\n\n\n\n<ul class=\"wp-block-list\"><li><a href=\"https:\/\/www.clickpb.com.br\/paraiba\/orgaos-captados-no-trauma-de-cg-serao-escoltados-da-pb-para-recife-267343.html\">\u00d3rg\u00e3os captados no Trauma de JP ser\u00e3o escoltados da PB para Recife<\/a><\/li><li><a href=\"https:\/\/www.clickpb.com.br\/saude\/seis-pessoas-sao-beneficiadas-com-doacao-de-orgaos-de-paraibano-vitima-de-acidente-de-moto-267366.html\">Seis pessoas s\u00e3o beneficiadas com doa\u00e7\u00e3o de \u00f3rg\u00e3os de paraibano v\u00edtima de acidente de moto<\/a><\/li><li><a href=\"https:\/\/www.clickpb.com.br\/saude\/paraiba-registra-novos-casos-de-doacao-de-multiorgaos-e-tecidos-267605.html\">Para\u00edba registra novos casos de doa\u00e7\u00e3o de multi\u00f3rg\u00e3os e tecidos<\/a><\/li><li><a href=\"https:\/\/www.clickpb.com.br\/saude\/paraiba-tem-terceiro-transplante-multiorgaos-em-uma-semana-apos-morte-de-paciente-com-avc-267777.html\">Para\u00edba tem terceiro transplante multi\u00f3rg\u00e3os em uma semana ap\u00f3s morte de paciente com AVC<\/a><\/li><li><a href=\"https:\/\/www.clickpb.com.br\/saude\/paraiba-registra-novo-caso-de-doacao-de-orgaos-no-hospital-de-trauma-de-joao-pessoa-268259.html\">Para\u00edba registra novo caso de doa\u00e7\u00e3o de \u00f3rg\u00e3os no Hospital de Trauma de Jo\u00e3o Pessoa<\/a><\/li><\/ul>\n","protected":false},"excerpt":{"rendered":"<p>Nesta sexta-feira (11), ap\u00f3s 10 anos, o Estado da Para\u00edba volta a realizar transplante de cora\u00e7\u00e3o. De acordo com o secret\u00e1rio de Sa\u00fade, Geraldo Medeiros,&hellip; <\/p>\n","protected":false},"author":1,"featured_media":114507,"comment_status":"closed","ping_status":"closed","sticky":false,"template":"","format":"standard","meta":{"sfsi_plus_gutenberg_text_before_share":"","sfsi_plus_gutenberg_show_text_before_share":"","sfsi_plus_gutenberg_icon_type":"","sfsi_plus_gutenberg_icon_alignemt":"","sfsi_plus_gutenburg_max_per_row":"","footnotes":""},"categories":[16],"tags":[],"class_list":["post-125867","post","type-post","status-publish","format-standard","has-post-thumbnail","hentry","category-saude"],"_links":{"self":[{"href":"https:\/\/www.caririemacao.com\/1\/wp-json\/wp\/v2\/posts\/125867","targetHints":{"allow":["GET"]}}],"collection":[{"href":"https:\/\/www.caririemacao.com\/1\/wp-json\/wp\/v2\/posts"}],"about":[{"href":"https:\/\/www.caririemacao.com\/1\/wp-json\/wp\/v2\/types\/post"}],"author":[{"embeddable":true,"href":"https:\/\/www.caririemacao.com\/1\/wp-json\/wp\/v2\/users\/1"}],"replies":[{"embeddable":true,"href":"https:\/\/www.caririemacao.com\/1\/wp-json\/wp\/v2\/comments?post=125867"}],"version-history":[{"count":1,"href":"https:\/\/www.caririemacao.com\/1\/wp-json\/wp\/v2\/posts\/125867\/revisions"}],"predecessor-version":[{"id":125868,"href":"https:\/\/www.caririemacao.com\/1\/wp-json\/wp\/v2\/posts\/125867\/revisions\/125868"}],"wp:featuredmedia":[{"embeddable":true,"href":"https:\/\/www.caririemacao.com\/1\/wp-json\/wp\/v2\/media\/114507"}],"wp:attachment":[{"href":"https:\/\/www.caririemacao.com\/1\/wp-json\/wp\/v2\/media?parent=125867"}],"wp:term":[{"taxonomy":"category","embeddable":true,"href":"https:\/\/www.caririemacao.com\/1\/wp-json\/wp\/v2\/categories?post=125867"},{"taxonomy":"post_tag","embeddable":true,"href":"https:\/\/www.caririemacao.com\/1\/wp-json\/wp\/v2\/tags?post=125867"}],"curies":[{"name":"wp","href":"https:\/\/api.w.org\/{rel}","templated":true}]}}