{"id":125873,"date":"2019-10-11T14:16:42","date_gmt":"2019-10-11T17:16:42","guid":{"rendered":"http:\/\/www.caririemacao.com\/1\/?p=125873"},"modified":"2019-10-11T14:16:42","modified_gmt":"2019-10-11T17:16:42","slug":"marinha-vai-notificar-30-navios-de-dez-paises-por-manchas-de-oleo","status":"publish","type":"post","link":"https:\/\/www.caririemacao.com\/1\/2019\/10\/11\/marinha-vai-notificar-30-navios-de-dez-paises-por-manchas-de-oleo\/","title":{"rendered":"Marinha vai notificar 30 navios de dez pa\u00edses por manchas de \u00f3leo"},"content":{"rendered":"\n<p>A Marinha do Brasil afirmou nesta quinta-feira, 10, que, \u201cap\u00f3s uma triagem das informa\u00e7\u00f5es do tr\u00e1fego mercante na regi\u00e3o de interesse\u201d, est\u00e1 notificando 30 navios-tanque de dez diferentes bandeiras a prestarem esclarecimentos\u201d. A Marinha n\u00e3o informa quais s\u00e3o os dez pa\u00edses cujos navios trafegaram pelo litoral brasileiro, a partir do momento que houve o grave vazamento de \u00f3leo que sujou as praias nordestinas desde o in\u00edcio de setembro, que j\u00e1 atingiu 139 locais em 63 munic\u00edpios de nove Estados do Nordeste.<\/p>\n\n\n\n<p>\u201cA Marinha entrar\u00e1 em contato com as autoridades competentes dos pa\u00edses dessas bandeiras, com a Organiza\u00e7\u00e3o Mar\u00edtima Internacional e com a Pol\u00edcia Federal, visando elucidar todos os fatos\u201d, afirma a nota. Segundo a Marinha, a a\u00e7\u00e3o tem apoio do Minist\u00e9rio da Defesa, do Ex\u00e9rcito e de institui\u00e7\u00f5es dos Estados Unidos.<\/p>\n\n\n\n<p>De acordo com a Marinha, que classificou o fato como um \u201cgrave acidente de polui\u00e7\u00e3o por \u00f3leo\u201d, a investiga\u00e7\u00e3o mobiliza 1.583 militares de 48 organiza\u00e7\u00f5es diferentes, al\u00e9m de cinco navios, uma aeronave e embarca\u00e7\u00f5es e viaturas pertencentes a autoridades ao longo do litoral nordestino, como capitanias dos portos, delegacias e ag\u00eancias.<\/p>\n\n\n\n<p>A triagem inicial focou em quase 1.100 navios-tanque que circularam entre 1\u00ba de agosto e 1\u00ba de setembro numa \u00e1rea de 800 km de dist\u00e2ncia da costa brasileira, entre Sergipe e Rio Grande do Norte. As empresas donas desses navios e seus representantes no Brasil foram consultados para saber se registraram alguma anormalidade, de onde vieram, para onde foram e que tipo de carga estavam carregando.<\/p>\n\n\n\n<p>Nesta quinta, o ministro de Minas e Energia, Bento Albuquerque, negou que o governo tenha demorado a reagir ao vazamento. \u201cN\u00e3o s\u00f3 a investiga\u00e7\u00e3o foi iniciada no dia 2 de setembro, como tamb\u00e9m foram sendo mobilizados, ao longo do tempo, todos os recursos dispon\u00edveis para n\u00e3o s\u00f3 realizar a limpeza dessas \u00e1reas, mas tamb\u00e9m para tentar mitigar a propaga\u00e7\u00e3o desse vazamento para outras regi\u00f5es\u201d, afirmou.<\/p>\n\n\n\n<p>A Venezuela foi um dos pa\u00edses identificados pela Petrobras no derramamento de \u00f3leo no litoral nordestino. O presidente Jair Bolsonaro chegou a afirmar que tem quase certeza que o derramamento de \u00f3leo \u00e9 criminoso.<\/p>\n","protected":false},"excerpt":{"rendered":"<p>A Marinha do Brasil afirmou nesta quinta-feira, 10, que, \u201cap\u00f3s uma triagem das informa\u00e7\u00f5es do tr\u00e1fego mercante na regi\u00e3o de interesse\u201d, est\u00e1 notificando 30 navios-tanque&hellip; <\/p>\n","protected":false},"author":1,"featured_media":125874,"comment_status":"closed","ping_status":"closed","sticky":false,"template":"","format":"standard","meta":{"sfsi_plus_gutenberg_text_before_share":"","sfsi_plus_gutenberg_show_text_before_share":"","sfsi_plus_gutenberg_icon_type":"","sfsi_plus_gutenberg_icon_alignemt":"","sfsi_plus_gutenburg_max_per_row":"","footnotes":""},"categories":[2],"tags":[],"class_list":["post-125873","post","type-post","status-publish","format-standard","has-post-thumbnail","hentry","category-geral"],"_links":{"self":[{"href":"https:\/\/www.caririemacao.com\/1\/wp-json\/wp\/v2\/posts\/125873","targetHints":{"allow":["GET"]}}],"collection":[{"href":"https:\/\/www.caririemacao.com\/1\/wp-json\/wp\/v2\/posts"}],"about":[{"href":"https:\/\/www.caririemacao.com\/1\/wp-json\/wp\/v2\/types\/post"}],"author":[{"embeddable":true,"href":"https:\/\/www.caririemacao.com\/1\/wp-json\/wp\/v2\/users\/1"}],"replies":[{"embeddable":true,"href":"https:\/\/www.caririemacao.com\/1\/wp-json\/wp\/v2\/comments?post=125873"}],"version-history":[{"count":1,"href":"https:\/\/www.caririemacao.com\/1\/wp-json\/wp\/v2\/posts\/125873\/revisions"}],"predecessor-version":[{"id":125875,"href":"https:\/\/www.caririemacao.com\/1\/wp-json\/wp\/v2\/posts\/125873\/revisions\/125875"}],"wp:featuredmedia":[{"embeddable":true,"href":"https:\/\/www.caririemacao.com\/1\/wp-json\/wp\/v2\/media\/125874"}],"wp:attachment":[{"href":"https:\/\/www.caririemacao.com\/1\/wp-json\/wp\/v2\/media?parent=125873"}],"wp:term":[{"taxonomy":"category","embeddable":true,"href":"https:\/\/www.caririemacao.com\/1\/wp-json\/wp\/v2\/categories?post=125873"},{"taxonomy":"post_tag","embeddable":true,"href":"https:\/\/www.caririemacao.com\/1\/wp-json\/wp\/v2\/tags?post=125873"}],"curies":[{"name":"wp","href":"https:\/\/api.w.org\/{rel}","templated":true}]}}