{"id":125879,"date":"2019-10-11T14:18:30","date_gmt":"2019-10-11T17:18:30","guid":{"rendered":"http:\/\/www.caririemacao.com\/1\/?p=125879"},"modified":"2019-10-11T14:18:30","modified_gmt":"2019-10-11T17:18:30","slug":"pb-e-14o-estado-em-pagamento-de-seguro-a-criancas","status":"publish","type":"post","link":"https:\/\/www.caririemacao.com\/1\/2019\/10\/11\/pb-e-14o-estado-em-pagamento-de-seguro-a-criancas\/","title":{"rendered":"PB \u00e9 14\u00ba estado em pagamento de seguro a crian\u00e7as"},"content":{"rendered":"\n<p>A Para\u00edba \u00e9 o 14\u00ba estado da federa\u00e7\u00e3o em indeniza\u00e7\u00f5es pagas a crian\u00e7as e adolescentes em fun\u00e7\u00e3o de ocorr\u00eancias no tr\u00e2nsito. Dados do Seguro DPVAT, at\u00e9 setembro deste ano, revelam que 281 menores (de 0 a 17 anos) foram indenizados em fun\u00e7\u00e3o de ocorr\u00eancias durante o tr\u00e1fego de ve\u00edculos.&nbsp;Segundo a ONG Crian\u00e7a Segura, o deslocamento de automotores \u00e9 a principal causa de ocorr\u00eancias fatais entre crian\u00e7as de 0 a 14 anos.<\/p>\n\n\n\n<p>Em todo o Brasil, 9.865 crian\u00e7as e adolescentes de 0 a 17 anos foram indenizados no m\u00eas per\u00edodo, ou seja, uma m\u00e9dia de 36 v\u00edtimas por dia (Seguro DPVAT). Os dados ainda mostram que a maioria ficou com algum tipo de sequela permanente ap\u00f3s o acidente: cerca de 70% (ou 6.933) das indeniza\u00e7\u00f5es foram pagas por invalidez. A cobertura de reembolso de despesas m\u00e9dicas e suplementares foi a que registrou o segundo maior n\u00famero de pagamentos de indeniza\u00e7\u00e3o. De janeiro a setembro, foram 1.471 sinistros. E mais 1.461 casos de indeniza\u00e7\u00f5es pagas por mortes no tr\u00e2nsito.<\/p>\n\n\n\n<p>Al\u00e9m do elevado n\u00famero de crian\u00e7as e adolescentes que ficam com alguma invalidez permanente, os dados chamam aten\u00e7\u00e3o para um alto \u00edndice de atropelamentos, j\u00e1 que a maioria dos acidentados estava na condi\u00e7\u00e3o de pedestre no momento do sinistro, concentrando 58% dos pagamentos. Ainda assim, as estat\u00edsticas envolvendo passageiros s\u00e3o elevadas. As crian\u00e7as que estavam dentro do ve\u00edculo durante a ocorr\u00eancia concentraram cerca de 42% das indeniza\u00e7\u00f5es pagas. O percentual indica um quantitativo de 4.125 pagamentos para a faixa et\u00e1ria.<\/p>\n\n\n\n<p>As estat\u00edsticas por tipo de ve\u00edculo mostram que as motocicletas s\u00e3o as principais respons\u00e1veis pelos acidentes. De janeiro a setembro, foram pagas mais de 5 mil indeniza\u00e7\u00f5es por ocorr\u00eancias envolvendo o ve\u00edculo de duas rodas. Os autom\u00f3veis ocupam a segunda posi\u00e7\u00e3o, concentrando 3.461 sinistros. Os caminh\u00f5es e pick-ups aparecem na sequ\u00eancia, com 572 pagamentos. J\u00e1 os \u00f4nibus, micro-\u00f4nibus e vans, e os ciclomotores apresentam 345 e 49 seguros, respectivamente.<\/p>\n\n\n\n<p>Entre os estados com mais sinistros pagos, Minas Gerais se destaca, com mais de mil indeniza\u00e7\u00f5es pagas a crian\u00e7as envolvidas em acidentes de tr\u00e2nsito. Na sequ\u00eancia, est\u00e3o S\u00e3o Paulo (985), Cear\u00e1 (717), Paran\u00e1 (626) e Maranh\u00e3o (588). Distrito Federal (47), Acre (45) e Amap\u00e1 (23), no entanto, registraram as estat\u00edsticas mais baixas.<\/p>\n\n\n\n<p><strong>Confira ranking por UF \u2013 Indeniza\u00e7\u00f5es pagas a crian\u00e7as<\/strong><\/p>\n\n\n\n<figure class=\"wp-block-image\"><img decoding=\"async\" data-src=\"https:\/\/ci4.googleusercontent.com\/proxy\/N6JOAwE_Xpxkt9N1C1K8p5E1O6fW_L5NVb6QpovHcvwY6j3w9FlKLDfbCPfD3bN9SEBNSSGgSeXpuALH0IDqTd-E0yMect2_ZtRN03o4hVCEycCAfLCsv3p5GfwoWc-W8BAHPFl8tqnrhbLI1H9sBYed21JNCYDpgPDMNVu14khTJRD14Fk9pHfMIulgx5BLuN819qYpFCTt-mfW0md7W06tCDg0mX7Us5rrZsrlhkuY-Zgg4mz00ILGrVCBNATNSSuy4oK39MXsg9KtIgWzpDtcYZPRrb1z1bCRTk0wTjsqYcDy_JFsxyyLY9_O52s1gjfQnbUz-dlNtRbu7sQOsgD9x_JDTGuN8dxOyBcyl6U=s0-d-e1-ft#https:\/\/ytizaonlainvemageiyanxe.i-mpr.com\/5zMTMzIWN6InYu02bj5iYwNXah1GQvF2YhRWZypjN5UzM2UzM1AzM6cmbw5SN0ITNxEzXxEDMxkTMzF2NBVyMDVibhlmcj91Zul2auFmUGJTJyJmLt92Yu4GZjBDNlMX\/ZhhGbhdWYt5SYulmch1mRyUycuV2Zh1WaGJTJz9VL50yXGJTJt92YuIHct1SaGJTJGJTJBNTJwRHdopjM\" alt=\"Ranking por UF - Indeniza\u00e7\u00f5es pagas a crian\u00e7as\" src=\"data:image\/svg+xml;base64,PHN2ZyB3aWR0aD0iMSIgaGVpZ2h0PSIxIiB4bWxucz0iaHR0cDovL3d3dy53My5vcmcvMjAwMC9zdmciPjwvc3ZnPg==\" class=\"lazyload\" \/><\/figure>\n\n\n\n<p><strong>MaisPB<\/strong><\/p>\n","protected":false},"excerpt":{"rendered":"<p>A Para\u00edba \u00e9 o 14\u00ba estado da federa\u00e7\u00e3o em indeniza\u00e7\u00f5es pagas a crian\u00e7as e adolescentes em fun\u00e7\u00e3o de ocorr\u00eancias no tr\u00e2nsito. Dados do Seguro DPVAT,&hellip; <\/p>\n","protected":false},"author":1,"featured_media":118752,"comment_status":"closed","ping_status":"closed","sticky":false,"template":"","format":"standard","meta":{"sfsi_plus_gutenberg_text_before_share":"","sfsi_plus_gutenberg_show_text_before_share":"","sfsi_plus_gutenberg_icon_type":"","sfsi_plus_gutenberg_icon_alignemt":"","sfsi_plus_gutenburg_max_per_row":"","footnotes":""},"categories":[2],"tags":[],"class_list":["post-125879","post","type-post","status-publish","format-standard","has-post-thumbnail","hentry","category-geral"],"_links":{"self":[{"href":"https:\/\/www.caririemacao.com\/1\/wp-json\/wp\/v2\/posts\/125879","targetHints":{"allow":["GET"]}}],"collection":[{"href":"https:\/\/www.caririemacao.com\/1\/wp-json\/wp\/v2\/posts"}],"about":[{"href":"https:\/\/www.caririemacao.com\/1\/wp-json\/wp\/v2\/types\/post"}],"author":[{"embeddable":true,"href":"https:\/\/www.caririemacao.com\/1\/wp-json\/wp\/v2\/users\/1"}],"replies":[{"embeddable":true,"href":"https:\/\/www.caririemacao.com\/1\/wp-json\/wp\/v2\/comments?post=125879"}],"version-history":[{"count":1,"href":"https:\/\/www.caririemacao.com\/1\/wp-json\/wp\/v2\/posts\/125879\/revisions"}],"predecessor-version":[{"id":125880,"href":"https:\/\/www.caririemacao.com\/1\/wp-json\/wp\/v2\/posts\/125879\/revisions\/125880"}],"wp:featuredmedia":[{"embeddable":true,"href":"https:\/\/www.caririemacao.com\/1\/wp-json\/wp\/v2\/media\/118752"}],"wp:attachment":[{"href":"https:\/\/www.caririemacao.com\/1\/wp-json\/wp\/v2\/media?parent=125879"}],"wp:term":[{"taxonomy":"category","embeddable":true,"href":"https:\/\/www.caririemacao.com\/1\/wp-json\/wp\/v2\/categories?post=125879"},{"taxonomy":"post_tag","embeddable":true,"href":"https:\/\/www.caririemacao.com\/1\/wp-json\/wp\/v2\/tags?post=125879"}],"curies":[{"name":"wp","href":"https:\/\/api.w.org\/{rel}","templated":true}]}}