{"id":125884,"date":"2019-10-11T15:31:01","date_gmt":"2019-10-11T18:31:01","guid":{"rendered":"http:\/\/www.caririemacao.com\/1\/?p=125884"},"modified":"2019-10-11T15:31:01","modified_gmt":"2019-10-11T18:31:01","slug":"criancas-de-camalau-comemoram-seu-dia-com-eventos-promovidos-pela-gestao-na-praca-e-no-balneario","status":"publish","type":"post","link":"https:\/\/www.caririemacao.com\/1\/2019\/10\/11\/criancas-de-camalau-comemoram-seu-dia-com-eventos-promovidos-pela-gestao-na-praca-e-no-balneario\/","title":{"rendered":"Crian\u00e7as de Camala\u00fa comemoram seu dia, com eventos promovidos pela gest\u00e3o na Pra\u00e7a e no balne\u00e1rio"},"content":{"rendered":"\n<p>\n\nNada melhor do que comemorar o Dia das Crian\u00e7as com muito lazer e alegria.<br>E foi desta forma que a Prefeitura municipal de Camala\u00fa, por determina\u00e7\u00e3o do prefeito Sandro realizou nesta sexta feira as comemora\u00e7\u00f5es do dia dedicado \u00e0 crian\u00e7ada.<br>A comemora\u00e7\u00e3o foi realizada pela manh\u00e3 no Balne\u00e1rio P\u00fablico, e contou com muitas brincadeiras e divers\u00e3o, al\u00e9m de distribui\u00e7\u00e3o de lanches, brindes e muita m\u00fasica.<br><strong>COMEMORA\u00c7\u00d5ES DA CRECHE<\/strong><\/p>\n\n\n\n<figure class=\"wp-block-image\"><a href=\"https:\/\/1.bp.blogspot.com\/-kC2t18GaU_o\/XaC-PLEjaZI\/AAAAAAAAGt0\/ygv8XfV9GdosdekkCsJ363gw4BUxcpzPACLcBGAsYHQ\/s1600\/zz.jpg\"><img decoding=\"async\" data-src=\"https:\/\/1.bp.blogspot.com\/-kC2t18GaU_o\/XaC-PLEjaZI\/AAAAAAAAGt0\/ygv8XfV9GdosdekkCsJ363gw4BUxcpzPACLcBGAsYHQ\/s400\/zz.jpg\" alt=\"zz\" src=\"data:image\/svg+xml;base64,PHN2ZyB3aWR0aD0iMSIgaGVpZ2h0PSIxIiB4bWxucz0iaHR0cDovL3d3dy53My5vcmcvMjAwMC9zdmciPjwvc3ZnPg==\" class=\"lazyload\" \/><\/a><\/figure>\n\n\n\n<p>E os pequeninos da Creche Municipal tamb\u00e9m n\u00e3o ficaram de fora das comemora\u00e7\u00f5es.<br>A festa dos menorzinhos foi realizada na Pra\u00e7a de Eventos onde foram realizadas muitas brincadeiras, distribui\u00e7\u00e3o de lanches, com muita divers\u00e3o, m\u00fasica, pula-pula e muito mais.<br>\u201cNossas crian\u00e7as merecem toda divers\u00e3o, e toda a alegria para comemorar, o seu Dia. Todo dia \u00e9 dia de crian\u00e7a feliz, e nesta semana, mais do que nunca com a realiza\u00e7\u00e3o de toda a nossa equipe, junto com os pais, e com a nossa humilde colabora\u00e7\u00e3o\u201d, destacou o prefeito Sandro M\u00f4co.<br><strong>F\u00c1BIO BRITO<\/strong><\/p>\n","protected":false},"excerpt":{"rendered":"<p>Nada melhor do que comemorar o Dia das Crian\u00e7as com muito lazer e alegria.E foi desta forma que a Prefeitura municipal de Camala\u00fa, por determina\u00e7\u00e3o&hellip; <\/p>\n","protected":false},"author":1,"featured_media":125885,"comment_status":"closed","ping_status":"closed","sticky":false,"template":"","format":"standard","meta":{"sfsi_plus_gutenberg_text_before_share":"","sfsi_plus_gutenberg_show_text_before_share":"","sfsi_plus_gutenberg_icon_type":"","sfsi_plus_gutenberg_icon_alignemt":"","sfsi_plus_gutenburg_max_per_row":"","footnotes":""},"categories":[6],"tags":[],"class_list":["post-125884","post","type-post","status-publish","format-standard","has-post-thumbnail","hentry","category-cidades"],"_links":{"self":[{"href":"https:\/\/www.caririemacao.com\/1\/wp-json\/wp\/v2\/posts\/125884","targetHints":{"allow":["GET"]}}],"collection":[{"href":"https:\/\/www.caririemacao.com\/1\/wp-json\/wp\/v2\/posts"}],"about":[{"href":"https:\/\/www.caririemacao.com\/1\/wp-json\/wp\/v2\/types\/post"}],"author":[{"embeddable":true,"href":"https:\/\/www.caririemacao.com\/1\/wp-json\/wp\/v2\/users\/1"}],"replies":[{"embeddable":true,"href":"https:\/\/www.caririemacao.com\/1\/wp-json\/wp\/v2\/comments?post=125884"}],"version-history":[{"count":1,"href":"https:\/\/www.caririemacao.com\/1\/wp-json\/wp\/v2\/posts\/125884\/revisions"}],"predecessor-version":[{"id":125886,"href":"https:\/\/www.caririemacao.com\/1\/wp-json\/wp\/v2\/posts\/125884\/revisions\/125886"}],"wp:featuredmedia":[{"embeddable":true,"href":"https:\/\/www.caririemacao.com\/1\/wp-json\/wp\/v2\/media\/125885"}],"wp:attachment":[{"href":"https:\/\/www.caririemacao.com\/1\/wp-json\/wp\/v2\/media?parent=125884"}],"wp:term":[{"taxonomy":"category","embeddable":true,"href":"https:\/\/www.caririemacao.com\/1\/wp-json\/wp\/v2\/categories?post=125884"},{"taxonomy":"post_tag","embeddable":true,"href":"https:\/\/www.caririemacao.com\/1\/wp-json\/wp\/v2\/tags?post=125884"}],"curies":[{"name":"wp","href":"https:\/\/api.w.org\/{rel}","templated":true}]}}