{"id":125891,"date":"2019-10-11T11:00:06","date_gmt":"2019-10-11T14:00:06","guid":{"rendered":"http:\/\/www.caririemacao.com\/1\/?p=125891"},"modified":"2019-10-11T19:43:43","modified_gmt":"2019-10-11T22:43:43","slug":"centro-de-atendimento-as-mulheres-do-cariri-realiza-atividade-alusiva-ao-dia-nacional-de-luta-contra-a-violencia-a-mulher","status":"publish","type":"post","link":"https:\/\/www.caririemacao.com\/1\/2019\/10\/11\/centro-de-atendimento-as-mulheres-do-cariri-realiza-atividade-alusiva-ao-dia-nacional-de-luta-contra-a-violencia-a-mulher\/","title":{"rendered":"Centro de Atendimento \u00e0s Mulheres do Cariri realiza atividade alusiva ao Dia Nacional de luta contra a viol\u00eancia \u00e0 mulher"},"content":{"rendered":"\n<p>Nesta quinta-feira, 10 de outubro, foi comemorado o Dia Nacional de Luta contra a Viol\u00eancia \u00e0 Mulher.<\/p>\n\n\n\n<p>O movimento que originou a data come\u00e7ou em S\u00e3o Paulo, quando mulheres ocuparam as escadarias do Teatro Municipal para protestar contra o aumento nos crimes contra mulheres em todo o pa\u00eds.<\/p>\n\n\n\n<div class=\"wp-block-image\"><figure class=\"aligncenter\"><a href=\"http:\/\/noticiasemdestaque.com\/cd\/wp-content\/uploads\/2019\/10\/IMG_9002.jpg\"><img decoding=\"async\" data-src=\"http:\/\/noticiasemdestaque.com\/cd\/wp-content\/uploads\/2019\/10\/IMG_9002-1024x1024.jpg\" alt=\"\" class=\"wp-image-20235 lazyload\" src=\"data:image\/svg+xml;base64,PHN2ZyB3aWR0aD0iMSIgaGVpZ2h0PSIxIiB4bWxucz0iaHR0cDovL3d3dy53My5vcmcvMjAwMC9zdmciPjwvc3ZnPg==\" style=\"--smush-placeholder-width: 1024px; --smush-placeholder-aspect-ratio: 1024\/1024;\" \/><\/a><\/figure><\/div>\n\n\n\n<p>Para lembrar a data, o Centro Intermunicipal de Atendimento as mulheres do Cariri, sediado em Sum\u00e9, realizou um encontro com mulheres de v\u00e1rias institui\u00e7\u00f5es para discutir a\u00e7\u00f5es que visem fortalecer os direitos da mulher. Outro ponto debatido foi a necessidade de enfrentar a viol\u00eancia contra a mulher.<\/p>\n\n\n\n<div class=\"wp-block-image\"><figure class=\"aligncenter\"><a href=\"http:\/\/noticiasemdestaque.com\/cd\/wp-content\/uploads\/2019\/10\/IMG_8972.jpg\"><img decoding=\"async\" data-src=\"http:\/\/noticiasemdestaque.com\/cd\/wp-content\/uploads\/2019\/10\/IMG_8972-1024x683.jpg\" alt=\"\" class=\"wp-image-20227 lazyload\" src=\"data:image\/svg+xml;base64,PHN2ZyB3aWR0aD0iMSIgaGVpZ2h0PSIxIiB4bWxucz0iaHR0cDovL3d3dy53My5vcmcvMjAwMC9zdmciPjwvc3ZnPg==\" style=\"--smush-placeholder-width: 1024px; --smush-placeholder-aspect-ratio: 1024\/683;\" \/><\/a><\/figure><\/div>\n\n\n\n<p>Na ocasi\u00e3o foi lan\u00e7ado a selo municipal, uma parceria do Centro da Mulher e da Secretaria de Assist\u00eancia Social de Sum\u00e9, que vai condecorar empreendimentos e profissionais que desenvolverem a\u00e7\u00f5es que visem garantir os direitos das mulheres.<\/p>\n\n\n\n<div class=\"wp-block-image\"><figure class=\"aligncenter\"><a href=\"http:\/\/noticiasemdestaque.com\/cd\/wp-content\/uploads\/2019\/10\/IMG_8974.jpg\"><img decoding=\"async\" data-src=\"http:\/\/noticiasemdestaque.com\/cd\/wp-content\/uploads\/2019\/10\/IMG_8974-1024x964.jpg\" alt=\"\" class=\"wp-image-20229 lazyload\" src=\"data:image\/svg+xml;base64,PHN2ZyB3aWR0aD0iMSIgaGVpZ2h0PSIxIiB4bWxucz0iaHR0cDovL3d3dy53My5vcmcvMjAwMC9zdmciPjwvc3ZnPg==\" style=\"--smush-placeholder-width: 1024px; --smush-placeholder-aspect-ratio: 1024\/964;\" \/><\/a><\/figure><\/div>\n\n\n\n<p>O Centro Intermunicipal de Atendimento \u00e0s Mulheres, atende os munic\u00edpios da regi\u00e3o do Cariri, mulheres v\u00edtimas de viol\u00eancia dom\u00e9stica e sexual, por meio de equipe t\u00e9cnica especializada formada por assistente social, psic\u00f3loga e advogada, al\u00e9m dos demais profissionais da institui\u00e7\u00e3o.<\/p>\n\n\n\n<p><em><strong>Not\u00edcias em Destaque<\/strong><\/em><\/p>\n","protected":false},"excerpt":{"rendered":"<p>Nesta quinta-feira, 10 de outubro, foi comemorado o Dia Nacional de Luta contra a Viol\u00eancia \u00e0 Mulher. O movimento que originou a data come\u00e7ou em&hellip; <\/p>\n","protected":false},"author":1,"featured_media":125892,"comment_status":"closed","ping_status":"closed","sticky":false,"template":"","format":"standard","meta":{"sfsi_plus_gutenberg_text_before_share":"","sfsi_plus_gutenberg_show_text_before_share":"","sfsi_plus_gutenberg_icon_type":"","sfsi_plus_gutenberg_icon_alignemt":"","sfsi_plus_gutenburg_max_per_row":"","footnotes":""},"categories":[2],"tags":[],"class_list":["post-125891","post","type-post","status-publish","format-standard","has-post-thumbnail","hentry","category-geral"],"_links":{"self":[{"href":"https:\/\/www.caririemacao.com\/1\/wp-json\/wp\/v2\/posts\/125891","targetHints":{"allow":["GET"]}}],"collection":[{"href":"https:\/\/www.caririemacao.com\/1\/wp-json\/wp\/v2\/posts"}],"about":[{"href":"https:\/\/www.caririemacao.com\/1\/wp-json\/wp\/v2\/types\/post"}],"author":[{"embeddable":true,"href":"https:\/\/www.caririemacao.com\/1\/wp-json\/wp\/v2\/users\/1"}],"replies":[{"embeddable":true,"href":"https:\/\/www.caririemacao.com\/1\/wp-json\/wp\/v2\/comments?post=125891"}],"version-history":[{"count":1,"href":"https:\/\/www.caririemacao.com\/1\/wp-json\/wp\/v2\/posts\/125891\/revisions"}],"predecessor-version":[{"id":125893,"href":"https:\/\/www.caririemacao.com\/1\/wp-json\/wp\/v2\/posts\/125891\/revisions\/125893"}],"wp:featuredmedia":[{"embeddable":true,"href":"https:\/\/www.caririemacao.com\/1\/wp-json\/wp\/v2\/media\/125892"}],"wp:attachment":[{"href":"https:\/\/www.caririemacao.com\/1\/wp-json\/wp\/v2\/media?parent=125891"}],"wp:term":[{"taxonomy":"category","embeddable":true,"href":"https:\/\/www.caririemacao.com\/1\/wp-json\/wp\/v2\/categories?post=125891"},{"taxonomy":"post_tag","embeddable":true,"href":"https:\/\/www.caririemacao.com\/1\/wp-json\/wp\/v2\/tags?post=125891"}],"curies":[{"name":"wp","href":"https:\/\/api.w.org\/{rel}","templated":true}]}}