{"id":125909,"date":"2019-10-12T07:06:10","date_gmt":"2019-10-12T10:06:10","guid":{"rendered":"http:\/\/www.caririemacao.com\/1\/?p=125909"},"modified":"2019-10-12T07:06:10","modified_gmt":"2019-10-12T10:06:10","slug":"duas-cidades-da-paraiba-aderem-ao-projeto-de-escolas-militares-do-governo-bolsonaro","status":"publish","type":"post","link":"https:\/\/www.caririemacao.com\/1\/2019\/10\/12\/duas-cidades-da-paraiba-aderem-ao-projeto-de-escolas-militares-do-governo-bolsonaro\/","title":{"rendered":"Duas cidades da Para\u00edba aderem ao projeto de escolas militares do Governo Bolsonaro"},"content":{"rendered":"\n<p>As prefeituras&nbsp; de&nbsp;Jo\u00e3o Pessoa&nbsp;e Santa Rita devem aderir ao projeto de&nbsp;escolas c\u00edvico-militares, do Governo Federal.&nbsp; A inclus\u00e3o dos munic\u00edpios ser\u00e1 solicitada ao Minist\u00e9rio da Educa\u00e7\u00e3o e, caso aprovada, deve ocorrer at\u00e9 2020.<\/p>\n\n\n\n<p>Em Santa Rita, a escola Odilon Ribeiro Coutinho foi selecionada para ser inserida no novo modelo de ensino. Em cada Estado, apenas dois munic\u00edpios ser\u00e3o contemplados.<\/p>\n\n\n\n<p>A ideia da escola c\u00edvico-militar prev\u00ea a cria\u00e7\u00e3o de uma disciplina militar em escolas civis que aderirem ao projeto. O Governo Federal seria respons\u00e1vel pelo pagamento de sal\u00e1rios dos militares envolvidos e tamb\u00e9m pelo repasse de verbas para a escola.<\/p>\n\n\n\n<p>\u201cA gest\u00e3o entende que n\u00e3o deve abrir m\u00e3o de recursos de forma deliberada e por isso resolveu assinar um of\u00edcio de manifesta\u00e7\u00e3o de interesse\u201d, explicou a secret\u00e1ria da Educa\u00e7\u00e3o da capital, Edilma da Costa Freire. De acordo com ela, esse \u00e9 um primeiro passo, dado em fun\u00e7\u00e3o do prazo de resposta ao Governo Federal, que pretende incluir duas escolas por Estado.<\/p>\n\n\n\n<p>Com Wscom<\/p>\n","protected":false},"excerpt":{"rendered":"<p>As prefeituras&nbsp; de&nbsp;Jo\u00e3o Pessoa&nbsp;e Santa Rita devem aderir ao projeto de&nbsp;escolas c\u00edvico-militares, do Governo Federal.&nbsp; A inclus\u00e3o dos munic\u00edpios ser\u00e1 solicitada ao Minist\u00e9rio da Educa\u00e7\u00e3o&hellip; <\/p>\n","protected":false},"author":1,"featured_media":125911,"comment_status":"closed","ping_status":"closed","sticky":false,"template":"","format":"standard","meta":{"sfsi_plus_gutenberg_text_before_share":"","sfsi_plus_gutenberg_show_text_before_share":"","sfsi_plus_gutenberg_icon_type":"","sfsi_plus_gutenberg_icon_alignemt":"","sfsi_plus_gutenburg_max_per_row":"","footnotes":""},"categories":[14],"tags":[],"class_list":["post-125909","post","type-post","status-publish","format-standard","has-post-thumbnail","hentry","category-educacao"],"_links":{"self":[{"href":"https:\/\/www.caririemacao.com\/1\/wp-json\/wp\/v2\/posts\/125909","targetHints":{"allow":["GET"]}}],"collection":[{"href":"https:\/\/www.caririemacao.com\/1\/wp-json\/wp\/v2\/posts"}],"about":[{"href":"https:\/\/www.caririemacao.com\/1\/wp-json\/wp\/v2\/types\/post"}],"author":[{"embeddable":true,"href":"https:\/\/www.caririemacao.com\/1\/wp-json\/wp\/v2\/users\/1"}],"replies":[{"embeddable":true,"href":"https:\/\/www.caririemacao.com\/1\/wp-json\/wp\/v2\/comments?post=125909"}],"version-history":[{"count":1,"href":"https:\/\/www.caririemacao.com\/1\/wp-json\/wp\/v2\/posts\/125909\/revisions"}],"predecessor-version":[{"id":125912,"href":"https:\/\/www.caririemacao.com\/1\/wp-json\/wp\/v2\/posts\/125909\/revisions\/125912"}],"wp:featuredmedia":[{"embeddable":true,"href":"https:\/\/www.caririemacao.com\/1\/wp-json\/wp\/v2\/media\/125911"}],"wp:attachment":[{"href":"https:\/\/www.caririemacao.com\/1\/wp-json\/wp\/v2\/media?parent=125909"}],"wp:term":[{"taxonomy":"category","embeddable":true,"href":"https:\/\/www.caririemacao.com\/1\/wp-json\/wp\/v2\/categories?post=125909"},{"taxonomy":"post_tag","embeddable":true,"href":"https:\/\/www.caririemacao.com\/1\/wp-json\/wp\/v2\/tags?post=125909"}],"curies":[{"name":"wp","href":"https:\/\/api.w.org\/{rel}","templated":true}]}}