{"id":125919,"date":"2019-10-12T07:08:25","date_gmt":"2019-10-12T10:08:25","guid":{"rendered":"http:\/\/www.caririemacao.com\/1\/?p=125919"},"modified":"2019-10-12T07:08:25","modified_gmt":"2019-10-12T10:08:25","slug":"professores-da-rede-municipal-de-monteiro-participam-de-formacao-do-soma","status":"publish","type":"post","link":"https:\/\/www.caririemacao.com\/1\/2019\/10\/12\/professores-da-rede-municipal-de-monteiro-participam-de-formacao-do-soma\/","title":{"rendered":"Professores da Rede Municipal de Monteiro participam de Forma\u00e7\u00e3o do Soma"},"content":{"rendered":"\n<div class=\"wp-block-image\"><figure class=\"alignleft\"><img decoding=\"async\" data-src=\"https:\/\/i1.wp.com\/www.vitrinedocariri.com.br\/wp-content\/uploads\/2019\/10\/Professores-da-Rede-Municipal-de-Ensino-de-Monteiro-participam-de-Forma%C3%A7%C3%A3o-Continuada-do-Soma-6.jpeg?zoom=2&amp;resize=330%2C247&amp;ssl=1\" alt=\"\" class=\"wp-image-55048 lazyload\" src=\"data:image\/svg+xml;base64,PHN2ZyB3aWR0aD0iMSIgaGVpZ2h0PSIxIiB4bWxucz0iaHR0cDovL3d3dy53My5vcmcvMjAwMC9zdmciPjwvc3ZnPg==\" \/><\/figure><\/div>\n\n\n\n<p>&nbsp;Promover a\u00e7\u00f5es que elevam os indicadores de desempenho na educa\u00e7\u00e3o na Rede Municipal de Ensino \u00e9 um compromisso constante da Secretaria de Educa\u00e7\u00e3o e da prefeita Anna Lorena, que desde 2017 percebeu o constante desafio que \u00e9 promover uma educa\u00e7\u00e3o de qualidade. Para facilitar este processo a prefeitura aderiu ao Pacto pela Aprendizagem na Para\u00edba, que vem proporcionando capacita\u00e7\u00f5es e forma\u00e7\u00f5es para diretores, supervisores e professores.Dentro do Pacto pela Aprendizagem, o Programa SOMA est\u00e1 inserido para assegurar que todos os estudantes da rede p\u00fablica de ensino sejam alfabetizados na idade certa, ou seja, at\u00e9 o 3\u00ba ano do ensino fundamental e, portanto, alcancem os n\u00edveis adequados de letramento que compreende a fase entre o 5\u00ba e o 9\u00ba.Nesta semana os professores do 1\u00ba, 3\u00ba e 4\u00ba ano da Rede Municipal de Ensino participaram da Forma\u00e7\u00e3o Continuada do Soma com o formador Professor Rodolfo Alves. Os encontros acontecem para desenvolver um trabalho sucessivo de acompanhamento, monitoramento e de interven\u00e7\u00f5es para auxiliar o alunado, principalmente os que se encontram com mais dificuldade de aprendizagem.<\/p>\n\n\n\n<div class=\"wp-block-image\"><figure class=\"alignleft\"><img decoding=\"async\" data-src=\"https:\/\/i2.wp.com\/www.vitrinedocariri.com.br\/wp-content\/uploads\/2019\/10\/Professores-da-Rede-Municipal-de-Ensino-de-Monteiro-participam-de-Forma%C3%A7%C3%A3o-Continuada-do-Soma-12.jpeg?zoom=2&amp;resize=330%2C247&amp;ssl=1\" alt=\"\" class=\"wp-image-55049 lazyload\" src=\"data:image\/svg+xml;base64,PHN2ZyB3aWR0aD0iMSIgaGVpZ2h0PSIxIiB4bWxucz0iaHR0cDovL3d3dy53My5vcmcvMjAwMC9zdmciPjwvc3ZnPg==\" \/><\/figure><\/div>\n\n\n\n<p>ResultadosDesde &nbsp;2017, dentro desta perspectiva, a Rede Municipal de Ensino vem comemorando o resultado das iniciativas da Secretaria de Educa\u00e7\u00e3o em parceria com \u00f3rg\u00e3os educacionais, pois os estudantes da cidade atingiram a m\u00e9dia satisfat\u00f3ria da Avalia\u00e7\u00e3o do SOMA no IDEPB, onde o maior percentual de acertos das quest\u00f5es respondidas pelos alunos encontram-se nos n\u00edveis &nbsp;adequado e avan\u00e7ado.Os resultados se d\u00e3o gra\u00e7as a um esfor\u00e7o conjunto entre a gest\u00e3o municipal, que atrav\u00e9s da prefeita Anna Lorena firmou parcerias com a UFCG e UEPB oferecendo aos professores cursos de forma\u00e7\u00e3o continuada nas \u00e1reas de L\u00edngua Portuguesa e Matem\u00e1tica com a finalidade de dinamizar as aulas tornando-as mais atrativas e significativas.\u201cO intuito da administra\u00e7\u00e3o municipal \u00e9 oferecer o que h\u00e1 de melhor, condicionando os nossos jovens a um futuro promissor e consequentemente fazendo de Monteiro uma cidade cada vez melhor. E com todo o amor e dedica\u00e7\u00e3o dos nossos profissionais de educa\u00e7\u00e3o, temos a certeza de que este \u00e9 um objetivo que vem sendo atingido diariamente\u201d, conta a prefeita Anna Lorena.<br><\/p>\n","protected":false},"excerpt":{"rendered":"<p>&nbsp;Promover a\u00e7\u00f5es que elevam os indicadores de desempenho na educa\u00e7\u00e3o na Rede Municipal de Ensino \u00e9 um compromisso constante da Secretaria de Educa\u00e7\u00e3o e da&hellip; <\/p>\n","protected":false},"author":1,"featured_media":125921,"comment_status":"closed","ping_status":"closed","sticky":false,"template":"","format":"standard","meta":{"sfsi_plus_gutenberg_text_before_share":"","sfsi_plus_gutenberg_show_text_before_share":"","sfsi_plus_gutenberg_icon_type":"","sfsi_plus_gutenberg_icon_alignemt":"","sfsi_plus_gutenburg_max_per_row":"","footnotes":""},"categories":[6],"tags":[],"class_list":["post-125919","post","type-post","status-publish","format-standard","has-post-thumbnail","hentry","category-cidades"],"_links":{"self":[{"href":"https:\/\/www.caririemacao.com\/1\/wp-json\/wp\/v2\/posts\/125919","targetHints":{"allow":["GET"]}}],"collection":[{"href":"https:\/\/www.caririemacao.com\/1\/wp-json\/wp\/v2\/posts"}],"about":[{"href":"https:\/\/www.caririemacao.com\/1\/wp-json\/wp\/v2\/types\/post"}],"author":[{"embeddable":true,"href":"https:\/\/www.caririemacao.com\/1\/wp-json\/wp\/v2\/users\/1"}],"replies":[{"embeddable":true,"href":"https:\/\/www.caririemacao.com\/1\/wp-json\/wp\/v2\/comments?post=125919"}],"version-history":[{"count":1,"href":"https:\/\/www.caririemacao.com\/1\/wp-json\/wp\/v2\/posts\/125919\/revisions"}],"predecessor-version":[{"id":125922,"href":"https:\/\/www.caririemacao.com\/1\/wp-json\/wp\/v2\/posts\/125919\/revisions\/125922"}],"wp:featuredmedia":[{"embeddable":true,"href":"https:\/\/www.caririemacao.com\/1\/wp-json\/wp\/v2\/media\/125921"}],"wp:attachment":[{"href":"https:\/\/www.caririemacao.com\/1\/wp-json\/wp\/v2\/media?parent=125919"}],"wp:term":[{"taxonomy":"category","embeddable":true,"href":"https:\/\/www.caririemacao.com\/1\/wp-json\/wp\/v2\/categories?post=125919"},{"taxonomy":"post_tag","embeddable":true,"href":"https:\/\/www.caririemacao.com\/1\/wp-json\/wp\/v2\/tags?post=125919"}],"curies":[{"name":"wp","href":"https:\/\/api.w.org\/{rel}","templated":true}]}}