{"id":125927,"date":"2019-10-12T07:30:58","date_gmt":"2019-10-12T10:30:58","guid":{"rendered":"http:\/\/www.caririemacao.com\/1\/?p=125927"},"modified":"2019-10-12T07:30:58","modified_gmt":"2019-10-12T10:30:58","slug":"collor-e-suspeito-de-lavar-dinheiro-comprando-imoveis-em-leiloes","status":"publish","type":"post","link":"https:\/\/www.caririemacao.com\/1\/2019\/10\/12\/collor-e-suspeito-de-lavar-dinheiro-comprando-imoveis-em-leiloes\/","title":{"rendered":"Collor \u00e9 suspeito de lavar dinheiro comprando im\u00f3veis em leil\u00f5es"},"content":{"rendered":"\n<p> A Pol\u00edcia Federal (PF) deflagrou na manh\u00e3 desta sexta-feira (11), nas cidades de Macei\u00f3 (AL) e Curitiba (PR), opera\u00e7\u00e3o que tem como alvo o senador Fernando Collor de Mello (Pros-AL).<\/p>\n\n\n\n<p>A a\u00e7\u00e3o, autorizada pelo ministro do Supremo Tribunal Federal (STF), Luiz Edson Fachin, tem o objetivo de combater esquema de lavagem de dinheiro que envolve compra de im\u00f3veis em leil\u00f5es p\u00fablicos.<\/p>\n\n\n\n<p>Na opera\u00e7\u00e3o, a PF cumpriu 16 mandados de busca e apreens\u00e3o, nas cidades de Macei\u00f3 e Curitiba, com 70 policiais federais.<\/p>\n\n\n\n<p>Em uma rede social, Collor se disse \u201cindignado\u201d com a opera\u00e7\u00e3o pois, segundo ele, h\u00e1 uma tentativa de envolv\u00ea-lo em um assunto que n\u00e3o tem conhecimento ou participa\u00e7\u00e3o.<\/p>\n\n\n\n<p>\u201cTrago a consci\u00eancia tranquila e a certeza de que, mais uma vez, ficar\u00e1 comprovada a minha inoc\u00eancia\u201d, disse.<\/p>\n\n\n\n<p>Investiga\u00e7\u00f5es<br>S\u00e3o investigados, de acordo com a PF, os crimes de lavagem de dinheiro, corrup\u00e7\u00e3o ativa, corrup\u00e7\u00e3o passiva, peculato (desvio de dinheiro p\u00fablico), falsifica\u00e7\u00f5es e pelo tipo penal de integrar organiza\u00e7\u00e3o criminosa.<\/p>\n\n\n\n<p>As investiga\u00e7\u00f5es da opera\u00e7\u00e3o batizada de Arremate t\u00eam por objetivo identificar e comprovar o suposto envolvimento de Collor como respons\u00e1vel por arrematar im\u00f3veis em leil\u00f5es p\u00fablicos ocorridos nos anos de 2010, 2011, 2012 e 2016, com o objetivo de ocultar recursos de origem il\u00edcita.<\/p>\n\n\n\n<p>Segundo a PF, o senador participava dos leil\u00f5es por meio de um representante com o objetivo de ocultar seu envolvimento como benefici\u00e1rio final das opera\u00e7\u00f5es. Os valores sob investiga\u00e7\u00e3o s\u00e3o de aproximadamente R$ 6 milh\u00f5es, sem as corre\u00e7\u00f5es.<\/p>\n","protected":false},"excerpt":{"rendered":"<p>A Pol\u00edcia Federal (PF) deflagrou na manh\u00e3 desta sexta-feira (11), nas cidades de Macei\u00f3 (AL) e Curitiba (PR), opera\u00e7\u00e3o que tem como alvo o senador&hellip; <\/p>\n","protected":false},"author":1,"featured_media":125929,"comment_status":"closed","ping_status":"closed","sticky":false,"template":"","format":"standard","meta":{"sfsi_plus_gutenberg_text_before_share":"","sfsi_plus_gutenberg_show_text_before_share":"","sfsi_plus_gutenberg_icon_type":"","sfsi_plus_gutenberg_icon_alignemt":"","sfsi_plus_gutenburg_max_per_row":"","footnotes":""},"categories":[2],"tags":[],"class_list":["post-125927","post","type-post","status-publish","format-standard","has-post-thumbnail","hentry","category-geral"],"_links":{"self":[{"href":"https:\/\/www.caririemacao.com\/1\/wp-json\/wp\/v2\/posts\/125927","targetHints":{"allow":["GET"]}}],"collection":[{"href":"https:\/\/www.caririemacao.com\/1\/wp-json\/wp\/v2\/posts"}],"about":[{"href":"https:\/\/www.caririemacao.com\/1\/wp-json\/wp\/v2\/types\/post"}],"author":[{"embeddable":true,"href":"https:\/\/www.caririemacao.com\/1\/wp-json\/wp\/v2\/users\/1"}],"replies":[{"embeddable":true,"href":"https:\/\/www.caririemacao.com\/1\/wp-json\/wp\/v2\/comments?post=125927"}],"version-history":[{"count":1,"href":"https:\/\/www.caririemacao.com\/1\/wp-json\/wp\/v2\/posts\/125927\/revisions"}],"predecessor-version":[{"id":125930,"href":"https:\/\/www.caririemacao.com\/1\/wp-json\/wp\/v2\/posts\/125927\/revisions\/125930"}],"wp:featuredmedia":[{"embeddable":true,"href":"https:\/\/www.caririemacao.com\/1\/wp-json\/wp\/v2\/media\/125929"}],"wp:attachment":[{"href":"https:\/\/www.caririemacao.com\/1\/wp-json\/wp\/v2\/media?parent=125927"}],"wp:term":[{"taxonomy":"category","embeddable":true,"href":"https:\/\/www.caririemacao.com\/1\/wp-json\/wp\/v2\/categories?post=125927"},{"taxonomy":"post_tag","embeddable":true,"href":"https:\/\/www.caririemacao.com\/1\/wp-json\/wp\/v2\/tags?post=125927"}],"curies":[{"name":"wp","href":"https:\/\/api.w.org\/{rel}","templated":true}]}}