{"id":125939,"date":"2019-10-12T07:33:10","date_gmt":"2019-10-12T10:33:10","guid":{"rendered":"http:\/\/www.caririemacao.com\/1\/?p=125939"},"modified":"2019-10-12T07:33:10","modified_gmt":"2019-10-12T10:33:10","slug":"dois-trechos-de-praias-estao-improprios-para-banho-neste-final-de-semana-na-paraiba","status":"publish","type":"post","link":"https:\/\/www.caririemacao.com\/1\/2019\/10\/12\/dois-trechos-de-praias-estao-improprios-para-banho-neste-final-de-semana-na-paraiba\/","title":{"rendered":"Dois trechos de praias est\u00e3o impr\u00f3prios para banho neste final de semana na Para\u00edba"},"content":{"rendered":"\n<p> Os paraibanos que forem \u00e0 praia nesse final de semana devem ficar atentos, pois h\u00e1 trechos impr\u00f3prios para banho em Jo\u00e3o Pessoa e Pitimbu, de acordo com a Superintend\u00eancia de Administra\u00e7\u00e3o do Meio Ambiente (Sudema).<\/p>\n\n\n\n<p>Na Capital, est\u00e1 impr\u00f3prio o trecho da praia de Mana\u00edra nas imedia\u00e7\u00f5es do n. 315, pr\u00f3ximo a Pousada Meia Lua.<\/p>\n\n\n\n<p>Em Pitimbu, est\u00e1 impr\u00f3pria da praia de Ponta dos Coqueiros, em frente a desembocadura da Lagoa.&nbsp;<\/p>\n\n\n\n<p>Todos os outros trechos e praias analisados pela Sudema est\u00e3o pr\u00f3prios para banho.<\/p>\n","protected":false},"excerpt":{"rendered":"<p>Os paraibanos que forem \u00e0 praia nesse final de semana devem ficar atentos, pois h\u00e1 trechos impr\u00f3prios para banho em Jo\u00e3o Pessoa e Pitimbu, de&hellip; <\/p>\n","protected":false},"author":1,"featured_media":125941,"comment_status":"closed","ping_status":"closed","sticky":false,"template":"","format":"standard","meta":{"sfsi_plus_gutenberg_text_before_share":"","sfsi_plus_gutenberg_show_text_before_share":"","sfsi_plus_gutenberg_icon_type":"","sfsi_plus_gutenberg_icon_alignemt":"","sfsi_plus_gutenburg_max_per_row":"","footnotes":""},"categories":[2],"tags":[],"class_list":["post-125939","post","type-post","status-publish","format-standard","has-post-thumbnail","hentry","category-geral"],"_links":{"self":[{"href":"https:\/\/www.caririemacao.com\/1\/wp-json\/wp\/v2\/posts\/125939","targetHints":{"allow":["GET"]}}],"collection":[{"href":"https:\/\/www.caririemacao.com\/1\/wp-json\/wp\/v2\/posts"}],"about":[{"href":"https:\/\/www.caririemacao.com\/1\/wp-json\/wp\/v2\/types\/post"}],"author":[{"embeddable":true,"href":"https:\/\/www.caririemacao.com\/1\/wp-json\/wp\/v2\/users\/1"}],"replies":[{"embeddable":true,"href":"https:\/\/www.caririemacao.com\/1\/wp-json\/wp\/v2\/comments?post=125939"}],"version-history":[{"count":1,"href":"https:\/\/www.caririemacao.com\/1\/wp-json\/wp\/v2\/posts\/125939\/revisions"}],"predecessor-version":[{"id":125942,"href":"https:\/\/www.caririemacao.com\/1\/wp-json\/wp\/v2\/posts\/125939\/revisions\/125942"}],"wp:featuredmedia":[{"embeddable":true,"href":"https:\/\/www.caririemacao.com\/1\/wp-json\/wp\/v2\/media\/125941"}],"wp:attachment":[{"href":"https:\/\/www.caririemacao.com\/1\/wp-json\/wp\/v2\/media?parent=125939"}],"wp:term":[{"taxonomy":"category","embeddable":true,"href":"https:\/\/www.caririemacao.com\/1\/wp-json\/wp\/v2\/categories?post=125939"},{"taxonomy":"post_tag","embeddable":true,"href":"https:\/\/www.caririemacao.com\/1\/wp-json\/wp\/v2\/tags?post=125939"}],"curies":[{"name":"wp","href":"https:\/\/api.w.org\/{rel}","templated":true}]}}