{"id":125951,"date":"2019-10-12T07:35:00","date_gmt":"2019-10-12T10:35:00","guid":{"rendered":"http:\/\/www.caririemacao.com\/1\/?p=125951"},"modified":"2019-10-12T07:35:00","modified_gmt":"2019-10-12T10:35:00","slug":"identificado-corpo-de-vitima-assassinada-e-esquartejada-em-bayeux","status":"publish","type":"post","link":"https:\/\/www.caririemacao.com\/1\/2019\/10\/12\/identificado-corpo-de-vitima-assassinada-e-esquartejada-em-bayeux\/","title":{"rendered":"Identificado corpo de v\u00edtima assassinada e esquartejada em Bayeux"},"content":{"rendered":"\n<p> Um jovem encontrado morto e esquartejado em Bayeux foi identificado na tarde desta sexta-feira (11).\u00a0<\/p>\n\n\n\n<p>Kleyton Pereira dos Santos, 27 anos, foi encontrado \u00e0s margens da linha de trem, na rua Gustavo Maciel Monteiro, em Bras\u00edlia, bairro de Bayeux.<\/p>\n\n\n\n<p>De acordo com os familiares, o jovem morava em Bayeux h\u00e1 tr\u00eas meses. Ele trabalhava como pedreiro e fazia coleta de recicl\u00e1veis.<\/p>\n\n\n\n<p>N\u00e3o h\u00e1 informa\u00e7\u00e3o do quem teria matado o rapaz ou o motivo do ato.&nbsp;<\/p>\n","protected":false},"excerpt":{"rendered":"<p>Um jovem encontrado morto e esquartejado em Bayeux foi identificado na tarde desta sexta-feira (11).\u00a0 Kleyton Pereira dos Santos, 27 anos, foi encontrado \u00e0s margens&hellip; <\/p>\n","protected":false},"author":1,"featured_media":125953,"comment_status":"closed","ping_status":"closed","sticky":false,"template":"","format":"standard","meta":{"sfsi_plus_gutenberg_text_before_share":"","sfsi_plus_gutenberg_show_text_before_share":"","sfsi_plus_gutenberg_icon_type":"","sfsi_plus_gutenberg_icon_alignemt":"","sfsi_plus_gutenburg_max_per_row":"","footnotes":""},"categories":[12],"tags":[],"class_list":["post-125951","post","type-post","status-publish","format-standard","has-post-thumbnail","hentry","category-policia"],"_links":{"self":[{"href":"https:\/\/www.caririemacao.com\/1\/wp-json\/wp\/v2\/posts\/125951","targetHints":{"allow":["GET"]}}],"collection":[{"href":"https:\/\/www.caririemacao.com\/1\/wp-json\/wp\/v2\/posts"}],"about":[{"href":"https:\/\/www.caririemacao.com\/1\/wp-json\/wp\/v2\/types\/post"}],"author":[{"embeddable":true,"href":"https:\/\/www.caririemacao.com\/1\/wp-json\/wp\/v2\/users\/1"}],"replies":[{"embeddable":true,"href":"https:\/\/www.caririemacao.com\/1\/wp-json\/wp\/v2\/comments?post=125951"}],"version-history":[{"count":1,"href":"https:\/\/www.caririemacao.com\/1\/wp-json\/wp\/v2\/posts\/125951\/revisions"}],"predecessor-version":[{"id":125954,"href":"https:\/\/www.caririemacao.com\/1\/wp-json\/wp\/v2\/posts\/125951\/revisions\/125954"}],"wp:featuredmedia":[{"embeddable":true,"href":"https:\/\/www.caririemacao.com\/1\/wp-json\/wp\/v2\/media\/125953"}],"wp:attachment":[{"href":"https:\/\/www.caririemacao.com\/1\/wp-json\/wp\/v2\/media?parent=125951"}],"wp:term":[{"taxonomy":"category","embeddable":true,"href":"https:\/\/www.caririemacao.com\/1\/wp-json\/wp\/v2\/categories?post=125951"},{"taxonomy":"post_tag","embeddable":true,"href":"https:\/\/www.caririemacao.com\/1\/wp-json\/wp\/v2\/tags?post=125951"}],"curies":[{"name":"wp","href":"https:\/\/api.w.org\/{rel}","templated":true}]}}