{"id":125965,"date":"2019-10-12T07:37:24","date_gmt":"2019-10-12T10:37:24","guid":{"rendered":"http:\/\/www.caririemacao.com\/1\/?p=125965"},"modified":"2019-10-12T07:37:24","modified_gmt":"2019-10-12T10:37:24","slug":"justica-reafirma-que-governo-deve-retomar-edital-com-obras-de-tema-lgbt","status":"publish","type":"post","link":"https:\/\/www.caririemacao.com\/1\/2019\/10\/12\/justica-reafirma-que-governo-deve-retomar-edital-com-obras-de-tema-lgbt\/","title":{"rendered":"Justi\u00e7a reafirma que governo deve retomar edital com obras de tema LGBT"},"content":{"rendered":"\n<p> O Tribunal Regional Federal da 2\u00aa Regi\u00e3o determinou nesta sexta (11) que a Ag\u00eancia Nacional de Cinema, a Ancine, retome um edital de patroc\u00ednio a obras audiovisuais para canais de TV p\u00fablica que havia sido suspenso em agosto.<\/p>\n\n\n\n<p>A decis\u00e3o negou provimento a recurso interposto pela Advocacia-Geral da Uni\u00e3o.&nbsp;<\/p>\n\n\n\n<p>O ministro da Cidadania, Osmar Terra, havia determinado a suspens\u00e3o do edital da Ancine numa portaria. Mas o Minist\u00e9rio P\u00fablico Federal do Rio de Janeiro apontou que a medida era discriminat\u00f3ria contra transexuais e LGBTs.&nbsp;<\/p>\n\n\n\n<p>Isso porque, dias antes de Terra suspender o edital, o presidente Bolsonaro havia feito cr\u00edticas a patroc\u00ednios dados pelo poder p\u00fablico a obras com tem\u00e1tica LGBT, citando obras como &#8220;Transversais&#8221;, sobre transexuais no Cear\u00e1, e &#8220;Afronte&#8221;, sobre a vida de negros gays. Eram produ\u00e7\u00f5es que estavam entre as que seriam patrocinadas pelo edital.<\/p>\n\n\n\n<p>Terra sustenta que sua decis\u00e3o de suspender o edital se deve \u00e0 reformula\u00e7\u00e3o do Comit\u00ea Gestor do Fundo Setorial do Audiovisual, que gere recursos para essa \u00e1rea. Mas a Justi\u00e7a entendeu que n\u00e3o h\u00e1 conex\u00e3o entre os dois fatos, mesmo porque o edital fora lan\u00e7ado em 2018 e j\u00e1 estava em fase final, na qual seria discutida a distribui\u00e7\u00e3o de verbas.&nbsp;<\/p>\n\n\n\n<p>A decis\u00e3o assinada pelo juiz Alfredo Jara Moura aponta que a Ancine havia criado um comit\u00ea especial para a avalia\u00e7\u00e3o das obras propostas no edital, desvinculando o Comit\u00ea Gestor do processo.<\/p>\n\n\n\n<p>A decis\u00e3o do TRF confirmou uma liminar que j\u00e1 havia sido concedida em primeiro grau e que determinava a retomada do edital, representando uma derrota para o governo.<\/p>\n\n\n\n<p>Ao conceder a liminar, a ju\u00edza Laura Carvalho havia afirmado que &#8220;a falta de recursos para a sua concretiza\u00e7\u00e3o em um tempo razo\u00e1vel pode fazer com que os projetos [audiovisuais] nunca saiam do papel, em evidente preju\u00edzo \u00e0 cultura nacional e \u00e0 liberdade de express\u00e3o&#8221;.<\/p>\n\n\n\n<p>A nova decis\u00e3o tamb\u00e9m rebate a argumenta\u00e7\u00e3o da Advocacia Geral da Uni\u00e3o de que &#8220;a suspens\u00e3o do edital nada representa de ilegal ou lesivo&#8221;.&nbsp;<\/p>\n\n\n\n<p>\u00c0 reportagem, por meio de sua assessoria de imprensa, Terra disse: &#8220;N\u00f3s entendemos que quem est\u00e1 nos censurando \u00e9&nbsp; quem fez o edital. Trata-se de dinheiro p\u00fablico, R$ 70 milh\u00f5es, e n\u00f3s temos o direito de suspender, conforme previsto no pr\u00f3prio edital, para podermos melhor avaliar a destina\u00e7\u00e3o destes recursos.&#8221;<\/p>\n\n\n\n<p>O Minist\u00e9rio da Cidadania ainda n\u00e3o informou se o edital ser\u00e1 retomado e que estuda o que fazer ap\u00f3s essa decis\u00e3o judicial. Ainda cabe recurso ao pr\u00f3prio TRF.&nbsp;<\/p>\n","protected":false},"excerpt":{"rendered":"<p>O Tribunal Regional Federal da 2\u00aa Regi\u00e3o determinou nesta sexta (11) que a Ag\u00eancia Nacional de Cinema, a Ancine, retome um edital de patroc\u00ednio a&hellip; <\/p>\n","protected":false},"author":1,"featured_media":125967,"comment_status":"closed","ping_status":"closed","sticky":false,"template":"","format":"standard","meta":{"sfsi_plus_gutenberg_text_before_share":"","sfsi_plus_gutenberg_show_text_before_share":"","sfsi_plus_gutenberg_icon_type":"","sfsi_plus_gutenberg_icon_alignemt":"","sfsi_plus_gutenburg_max_per_row":"","footnotes":""},"categories":[2],"tags":[],"class_list":["post-125965","post","type-post","status-publish","format-standard","has-post-thumbnail","hentry","category-geral"],"_links":{"self":[{"href":"https:\/\/www.caririemacao.com\/1\/wp-json\/wp\/v2\/posts\/125965","targetHints":{"allow":["GET"]}}],"collection":[{"href":"https:\/\/www.caririemacao.com\/1\/wp-json\/wp\/v2\/posts"}],"about":[{"href":"https:\/\/www.caririemacao.com\/1\/wp-json\/wp\/v2\/types\/post"}],"author":[{"embeddable":true,"href":"https:\/\/www.caririemacao.com\/1\/wp-json\/wp\/v2\/users\/1"}],"replies":[{"embeddable":true,"href":"https:\/\/www.caririemacao.com\/1\/wp-json\/wp\/v2\/comments?post=125965"}],"version-history":[{"count":1,"href":"https:\/\/www.caririemacao.com\/1\/wp-json\/wp\/v2\/posts\/125965\/revisions"}],"predecessor-version":[{"id":125968,"href":"https:\/\/www.caririemacao.com\/1\/wp-json\/wp\/v2\/posts\/125965\/revisions\/125968"}],"wp:featuredmedia":[{"embeddable":true,"href":"https:\/\/www.caririemacao.com\/1\/wp-json\/wp\/v2\/media\/125967"}],"wp:attachment":[{"href":"https:\/\/www.caririemacao.com\/1\/wp-json\/wp\/v2\/media?parent=125965"}],"wp:term":[{"taxonomy":"category","embeddable":true,"href":"https:\/\/www.caririemacao.com\/1\/wp-json\/wp\/v2\/categories?post=125965"},{"taxonomy":"post_tag","embeddable":true,"href":"https:\/\/www.caririemacao.com\/1\/wp-json\/wp\/v2\/tags?post=125965"}],"curies":[{"name":"wp","href":"https:\/\/api.w.org\/{rel}","templated":true}]}}