{"id":125979,"date":"2019-10-12T07:40:08","date_gmt":"2019-10-12T10:40:08","guid":{"rendered":"http:\/\/www.caririemacao.com\/1\/?p=125979"},"modified":"2019-10-12T07:40:08","modified_gmt":"2019-10-12T10:40:08","slug":"governo-discute-novas-linhas-de-creditos-para-caminhoneiros","status":"publish","type":"post","link":"https:\/\/www.caririemacao.com\/1\/2019\/10\/12\/governo-discute-novas-linhas-de-creditos-para-caminhoneiros\/","title":{"rendered":"Governo discute novas linhas de cr\u00e9ditos para caminhoneiros"},"content":{"rendered":"\n<p> O governo federal, caminhoneiros e\u00a0 representantes do setor de transporte rodovi\u00e1rio de cargas discutiram, durante o 34\u00ba F\u00f3rum Permanente para o Transporte Rodovi\u00e1rio de Cargas (TRC), possibilidades de abertura de novas linhas de cr\u00e9dito para manuten\u00e7\u00e3o da frota. O f\u00f3rum ocorreu esta semana em Bras\u00edlia.<\/p>\n\n\n\n<p>\u201cO governo est\u00e1 discutindo com a categoria estrat\u00e9gias de est\u00edmulo ao cooperativismo, al\u00e9m de novas linhas de cr\u00e9dito que diminuir\u00e3o as exig\u00eancias e facilitar o acesso de caminhoneiros a linhas de cr\u00e9dito voltadas para manuten\u00e7\u00e3o da frota, com juros mais baixos e prazos maiores\u201d, disse o ministro Tarc\u00edsio Gomes de Freitas, sem detalhar as estrat\u00e9gias.<\/p>\n\n\n\n<p><strong>Renegocia\u00e7\u00e3o de d\u00edvidas<\/strong><br><\/p>\n\n\n\n<p>O f\u00f3rum tamb\u00e9m teve a participa\u00e7\u00e3o da Caixa Econ\u00f4mica Federal, que tratou da renegocia\u00e7\u00e3o de d\u00edvidas. Nos dois dias do evento, quarta-feira (9) e quinta-feira (10), um caminh\u00e3o da Caixa ficou estacionado, recebendo caminhoneiros aut\u00f4nomos interessados em renegociar suas d\u00edvidas com o banco.<\/p>\n\n\n\n<p>A campanha Voc\u00ea no Azul ofereceu descontos de at\u00e9 90% para regulariza\u00e7\u00e3o de contratos comerciais com mais de um ano de atraso. Os descontos variam de acordo com a situa\u00e7\u00e3o dos contratos e o tipo de opera\u00e7\u00e3o de cr\u00e9dito.<\/p>\n\n\n\n<p>\u201c\u00c9 uma categoria que trabalha muito, \u00e0s vezes n\u00e3o tem oportunidade de parar e ir a um banco conversar sobre as linhas de cr\u00e9dito. Ent\u00e3o eles est\u00e3o aqui tirando d\u00favidas, numa a\u00e7\u00e3o combinada da Caixa com o governo federal, para que o caminh\u00e3o v\u00e1 para onde os caminhoneiros est\u00e3o\u201d, disse a subsecret\u00e1ria Executiva da Caixa, Viviane Esse.<\/p>\n","protected":false},"excerpt":{"rendered":"<p>O governo federal, caminhoneiros e\u00a0 representantes do setor de transporte rodovi\u00e1rio de cargas discutiram, durante o 34\u00ba F\u00f3rum Permanente para o Transporte Rodovi\u00e1rio de Cargas&hellip; <\/p>\n","protected":false},"author":1,"featured_media":125981,"comment_status":"closed","ping_status":"closed","sticky":false,"template":"","format":"standard","meta":{"sfsi_plus_gutenberg_text_before_share":"","sfsi_plus_gutenberg_show_text_before_share":"","sfsi_plus_gutenberg_icon_type":"","sfsi_plus_gutenberg_icon_alignemt":"","sfsi_plus_gutenburg_max_per_row":"","footnotes":""},"categories":[11],"tags":[],"class_list":["post-125979","post","type-post","status-publish","format-standard","has-post-thumbnail","hentry","category-politica"],"_links":{"self":[{"href":"https:\/\/www.caririemacao.com\/1\/wp-json\/wp\/v2\/posts\/125979","targetHints":{"allow":["GET"]}}],"collection":[{"href":"https:\/\/www.caririemacao.com\/1\/wp-json\/wp\/v2\/posts"}],"about":[{"href":"https:\/\/www.caririemacao.com\/1\/wp-json\/wp\/v2\/types\/post"}],"author":[{"embeddable":true,"href":"https:\/\/www.caririemacao.com\/1\/wp-json\/wp\/v2\/users\/1"}],"replies":[{"embeddable":true,"href":"https:\/\/www.caririemacao.com\/1\/wp-json\/wp\/v2\/comments?post=125979"}],"version-history":[{"count":1,"href":"https:\/\/www.caririemacao.com\/1\/wp-json\/wp\/v2\/posts\/125979\/revisions"}],"predecessor-version":[{"id":125982,"href":"https:\/\/www.caririemacao.com\/1\/wp-json\/wp\/v2\/posts\/125979\/revisions\/125982"}],"wp:featuredmedia":[{"embeddable":true,"href":"https:\/\/www.caririemacao.com\/1\/wp-json\/wp\/v2\/media\/125981"}],"wp:attachment":[{"href":"https:\/\/www.caririemacao.com\/1\/wp-json\/wp\/v2\/media?parent=125979"}],"wp:term":[{"taxonomy":"category","embeddable":true,"href":"https:\/\/www.caririemacao.com\/1\/wp-json\/wp\/v2\/categories?post=125979"},{"taxonomy":"post_tag","embeddable":true,"href":"https:\/\/www.caririemacao.com\/1\/wp-json\/wp\/v2\/tags?post=125979"}],"curies":[{"name":"wp","href":"https:\/\/api.w.org\/{rel}","templated":true}]}}