{"id":125995,"date":"2019-10-12T07:42:09","date_gmt":"2019-10-12T10:42:09","guid":{"rendered":"http:\/\/www.caririemacao.com\/1\/?p=125995"},"modified":"2019-10-12T07:42:09","modified_gmt":"2019-10-12T10:42:09","slug":"desmatamento-na-amazonia-cresce-96-em-setembro-indicam-alertas-do-inpe","status":"publish","type":"post","link":"https:\/\/www.caririemacao.com\/1\/2019\/10\/12\/desmatamento-na-amazonia-cresce-96-em-setembro-indicam-alertas-do-inpe\/","title":{"rendered":"Desmatamento na Amaz\u00f4nia cresce 96% em setembro, indicam alertas do Inpe"},"content":{"rendered":"\n<p> O desmatamento cresceu cerca de 96% em setembro na Amaz\u00f4nia, segundo dados do Inpe (Instituto Nacional de Pesquisas Espaciais). O aumento \u00e9 referente ao mesmo m\u00eas em 2018 e foi registrado pelo Deter, sistema que dispara alertas de desmate para embasar a\u00e7\u00f5es do Ibama.<br><\/p>\n\n\n\n<p>Desde junho, a devasta\u00e7\u00e3o na Amaz\u00f4nia tem apresentado crescimento em rela\u00e7\u00e3o \u00e0 s\u00e9rie hist\u00f3rica do Inpe. Os meses de julho, agosto e setembro do primeiro ano do governo Jair Bolsonaro tiveram as maiores taxas de desmate desde o in\u00edcio dos registros do Deter, em 2015.<\/p>\n\n\n\n<p>Junho teve aumento de 90% no desmate. Em julho, foram 278% de crescimento. Em agosto o salto foi de 222%, em rela\u00e7\u00e3o ao mesmo per\u00edodo do ano anterior.<\/p>\n\n\n\n<p>No m\u00eas de setembro foram devastados 1.447 km\u00b2 de floresta amaz\u00f4nica. O Deter (Sistema de Detec\u00e7\u00e3o do Desmatamento em Tempo Real) n\u00e3o tem a fun\u00e7\u00e3o de medir precisamente a \u00e1rea desmatada, o que \u00e9 feito pelo Prodes, divulgado anualmente apontando o desmate entre agosto de um ano e julho do seguinte. Mesmo assim, o Deter pode ser usado para apontar a tend\u00eancia geral de aumento ou redu\u00e7\u00e3o da destrui\u00e7\u00e3o na floresta.<\/p>\n\n\n\n<p>A explos\u00e3o no desmatamento acabou levando, entre julho e agosto, a ataques sem provas do governo Bolsonaro aos dados de desmate produzidos pelo Inpe. O presidente chegou a afirmar que o ent\u00e3o diretor do instituto, Ricardo Galv\u00e3o, poderia estar a &#8220;servi\u00e7o de alguma ONG&#8221;. As informa\u00e7\u00f5es de devasta\u00e7\u00e3o tamb\u00e9m foram contestadas, sem apresenta\u00e7\u00e3o de justificativa, pelos ministros Ricardo Salles (Meio Ambiente), Marcos Pontes (Ci\u00eancia e Tecnologia) e pelo general Augusto Heleno (Gabinete de Seguran\u00e7a Institucional).<\/p>\n\n\n\n<p>Galv\u00e3o se defendeu do ataque e tamb\u00e9m fez a defesa dos dados do Inpe. O ent\u00e3o diretor acabou exonerado pelo ministro Pontes no dia 2 de agosto.<\/p>\n\n\n\n<p>A destrui\u00e7\u00e3o crescente gerou alerta nos pa\u00edses que investem em desenvolvimento sustent\u00e1vel no Brasil, como a Noruega e Alemanha \u2013atrav\u00e9s do bilion\u00e1rio Fundo Amaz\u00f4nia, que est\u00e1 bloqueado ap\u00f3s Bolsonaro ter extinto os conselhos que geriam o fundo. Ambas as na\u00e7\u00f5es paralisaram recursos enviados.<\/p>\n\n\n\n<p>Em meio ao desmate, cresceram tamb\u00e9m as queimadas, o que atraiu ainda mais aten\u00e7\u00e3o internacional ao Brasil e gerou uma crise da imagem ambiental do governo Bolsonaro.<\/p>\n\n\n\n<p>As crises sobrepostas levaram a manifesta\u00e7\u00f5es de preocupa\u00e7\u00e3o da chanceler alem\u00e3 Angela Merkel e do presidente franc\u00eas Emmanuel Macron.&nbsp;<\/p>\n\n\n\n<p>Bolsonaro, como resposta, falou que Merkel poderia usar o dinheiro bloqueado (R$ 150 milh\u00f5es) que seria enviado ao Brasil para reflorestar as matas alem\u00e3s. O presidente tamb\u00e9m menosprezou o bloqueio de dinheiro noruegu\u00eas para o Fundo Amaz\u00f4nia.<\/p>\n\n\n\n<p>Por fim, na discuss\u00e3o com Macron, o presidente brasileiro chegou a ofender a primeira dama francesa. Ap\u00f3s ser criticado, disse n\u00e3o ter ofendido Brigitte Macron. Bolsonaro ainda recusou US$ 20 milh\u00f5es de d\u00f3lares (R$ 82 milh\u00f5es) do G7 para combate \u00e0s queimadas e chamou a oferta de ajuda de &#8220;esmola&#8221;.&nbsp;<\/p>\n\n\n\n<p>Mas aceitou ajuda israelense. Inicialmente o pa\u00eds disse que enviaria material qu\u00edmico para conter o fogo, mas, no fim, enviou somente uma delega\u00e7\u00e3o com 11 especialistas em combate a inc\u00eandios.<\/p>\n\n\n\n<p>A crise das queimadas, que se concentra principalmente em \u00e1reas privadas e florestas n\u00e3o destinadas \u2013nas quais qualquer desmatamento e inc\u00eandio \u00e9 ilegal\u2013, levou o presidente Bolsonaro a assinar um decreto de GLO (Garantia da Lei e da Ordem) que autorizava uso das For\u00e7as Armadas para combater os inc\u00eandios.<\/p>\n","protected":false},"excerpt":{"rendered":"<p>O desmatamento cresceu cerca de 96% em setembro na Amaz\u00f4nia, segundo dados do Inpe (Instituto Nacional de Pesquisas Espaciais). O aumento \u00e9 referente ao mesmo&hellip; <\/p>\n","protected":false},"author":1,"featured_media":125997,"comment_status":"closed","ping_status":"closed","sticky":false,"template":"","format":"standard","meta":{"sfsi_plus_gutenberg_text_before_share":"","sfsi_plus_gutenberg_show_text_before_share":"","sfsi_plus_gutenberg_icon_type":"","sfsi_plus_gutenberg_icon_alignemt":"","sfsi_plus_gutenburg_max_per_row":"","footnotes":""},"categories":[2],"tags":[],"class_list":["post-125995","post","type-post","status-publish","format-standard","has-post-thumbnail","hentry","category-geral"],"_links":{"self":[{"href":"https:\/\/www.caririemacao.com\/1\/wp-json\/wp\/v2\/posts\/125995","targetHints":{"allow":["GET"]}}],"collection":[{"href":"https:\/\/www.caririemacao.com\/1\/wp-json\/wp\/v2\/posts"}],"about":[{"href":"https:\/\/www.caririemacao.com\/1\/wp-json\/wp\/v2\/types\/post"}],"author":[{"embeddable":true,"href":"https:\/\/www.caririemacao.com\/1\/wp-json\/wp\/v2\/users\/1"}],"replies":[{"embeddable":true,"href":"https:\/\/www.caririemacao.com\/1\/wp-json\/wp\/v2\/comments?post=125995"}],"version-history":[{"count":1,"href":"https:\/\/www.caririemacao.com\/1\/wp-json\/wp\/v2\/posts\/125995\/revisions"}],"predecessor-version":[{"id":125998,"href":"https:\/\/www.caririemacao.com\/1\/wp-json\/wp\/v2\/posts\/125995\/revisions\/125998"}],"wp:featuredmedia":[{"embeddable":true,"href":"https:\/\/www.caririemacao.com\/1\/wp-json\/wp\/v2\/media\/125997"}],"wp:attachment":[{"href":"https:\/\/www.caririemacao.com\/1\/wp-json\/wp\/v2\/media?parent=125995"}],"wp:term":[{"taxonomy":"category","embeddable":true,"href":"https:\/\/www.caririemacao.com\/1\/wp-json\/wp\/v2\/categories?post=125995"},{"taxonomy":"post_tag","embeddable":true,"href":"https:\/\/www.caririemacao.com\/1\/wp-json\/wp\/v2\/tags?post=125995"}],"curies":[{"name":"wp","href":"https:\/\/api.w.org\/{rel}","templated":true}]}}