{"id":126009,"date":"2019-10-12T07:44:21","date_gmt":"2019-10-12T10:44:21","guid":{"rendered":"http:\/\/www.caririemacao.com\/1\/?p=126009"},"modified":"2019-10-12T07:44:21","modified_gmt":"2019-10-12T10:44:21","slug":"aos-81-anos-atriz-jane-fonda-e-presa-em-protesto-precisamos-agir","status":"publish","type":"post","link":"https:\/\/www.caririemacao.com\/1\/2019\/10\/12\/aos-81-anos-atriz-jane-fonda-e-presa-em-protesto-precisamos-agir\/","title":{"rendered":"Aos 81 anos, atriz Jane Fonda \u00e9 presa em protesto: \u201cPrecisamos agir\u201d"},"content":{"rendered":"\n<p> A atriz Jane Fonda, que pode ser vista na Netflix com Grace and Frankie, foi presa nesta sexta (11), em Washington, capital dos Estados Unidos. O motivo: a estrela protestava contra as mudan\u00e7as clim\u00e1ticas.<\/p>\n\n\n\n<p>O momento da pris\u00e3o pode ser conferido no v\u00eddeo abaixo.&nbsp;<\/p>\n\n\n\n<figure><iframe data-src=\"https:\/\/www.youtube.com\/embed\/AI0epEXgUiA\" allowfullscreen=\"\" width=\"500\" height=\"281\" src=\"data:image\/svg+xml;base64,PHN2ZyB3aWR0aD0iMSIgaGVpZ2h0PSIxIiB4bWxucz0iaHR0cDovL3d3dy53My5vcmcvMjAwMC9zdmciPjwvc3ZnPg==\" class=\"lazyload\" data-load-mode=\"1\"><\/iframe><\/figure>\n\n\n\n<p>Um rep\u00f3rter da emissora WUSA9 gravou tudo. Jane Fonda aparece com uma roupa vermelha. Conforme a emissora, a atriz foi a terceira pessoa presa no protesto.<\/p>\n\n\n\n<p>A veterana atriz comentou no pr\u00f3prio site dela, o Opens a New Window, sobre a pris\u00e3o. Jane Fonda foi inspirada pela ativista Greta Thunberg.<\/p>\n\n\n\n<p>\u201cComo Greta Thunberg falou, \u2018nossa casa est\u00e1 pegando fogo\u2019, e n\u00f3s precisamos agir. Estarei no Capit\u00f3lio toda sexta-feira, fa\u00e7a chuva ou fa\u00e7a sol, inspirada e encorajada pelo incr\u00edvel movimento que nossos jovens criaram. N\u00e3o posso mais esperar e deixar que nossos funcion\u00e1rios eleitos ignorem \u2013 e pior ainda \u2013 empoderem as ind\u00fastrias que est\u00e3o destruindo nosso planeta em busca de lucro. N\u00e3o podemos continuar defendendo isso\u201d, defendeu a famosa.<\/p>\n","protected":false},"excerpt":{"rendered":"<p>A atriz Jane Fonda, que pode ser vista na Netflix com Grace and Frankie, foi presa nesta sexta (11), em Washington, capital dos Estados Unidos.&hellip; <\/p>\n","protected":false},"author":1,"featured_media":126011,"comment_status":"closed","ping_status":"closed","sticky":false,"template":"","format":"standard","meta":{"sfsi_plus_gutenberg_text_before_share":"","sfsi_plus_gutenberg_show_text_before_share":"","sfsi_plus_gutenberg_icon_type":"","sfsi_plus_gutenberg_icon_alignemt":"","sfsi_plus_gutenburg_max_per_row":"","footnotes":""},"categories":[2],"tags":[],"class_list":["post-126009","post","type-post","status-publish","format-standard","has-post-thumbnail","hentry","category-geral"],"_links":{"self":[{"href":"https:\/\/www.caririemacao.com\/1\/wp-json\/wp\/v2\/posts\/126009","targetHints":{"allow":["GET"]}}],"collection":[{"href":"https:\/\/www.caririemacao.com\/1\/wp-json\/wp\/v2\/posts"}],"about":[{"href":"https:\/\/www.caririemacao.com\/1\/wp-json\/wp\/v2\/types\/post"}],"author":[{"embeddable":true,"href":"https:\/\/www.caririemacao.com\/1\/wp-json\/wp\/v2\/users\/1"}],"replies":[{"embeddable":true,"href":"https:\/\/www.caririemacao.com\/1\/wp-json\/wp\/v2\/comments?post=126009"}],"version-history":[{"count":1,"href":"https:\/\/www.caririemacao.com\/1\/wp-json\/wp\/v2\/posts\/126009\/revisions"}],"predecessor-version":[{"id":126012,"href":"https:\/\/www.caririemacao.com\/1\/wp-json\/wp\/v2\/posts\/126009\/revisions\/126012"}],"wp:featuredmedia":[{"embeddable":true,"href":"https:\/\/www.caririemacao.com\/1\/wp-json\/wp\/v2\/media\/126011"}],"wp:attachment":[{"href":"https:\/\/www.caririemacao.com\/1\/wp-json\/wp\/v2\/media?parent=126009"}],"wp:term":[{"taxonomy":"category","embeddable":true,"href":"https:\/\/www.caririemacao.com\/1\/wp-json\/wp\/v2\/categories?post=126009"},{"taxonomy":"post_tag","embeddable":true,"href":"https:\/\/www.caririemacao.com\/1\/wp-json\/wp\/v2\/tags?post=126009"}],"curies":[{"name":"wp","href":"https:\/\/api.w.org\/{rel}","templated":true}]}}