{"id":126023,"date":"2019-10-12T08:29:31","date_gmt":"2019-10-12T11:29:31","guid":{"rendered":"http:\/\/www.caririemacao.com\/1\/?p=126023"},"modified":"2019-10-12T08:29:31","modified_gmt":"2019-10-12T11:29:31","slug":"foragido-de-prisao-do-rio-grande-do-norte-e-preso-pela-prf-na-paraiba","status":"publish","type":"post","link":"https:\/\/www.caririemacao.com\/1\/2019\/10\/12\/foragido-de-prisao-do-rio-grande-do-norte-e-preso-pela-prf-na-paraiba\/","title":{"rendered":"Foragido de pris\u00e3o do Rio Grande do Norte \u00e9 preso pela PRF na Para\u00edba"},"content":{"rendered":"\n<p> A Pol\u00edcia Rodovi\u00e1ria Federal (PRF) prendeu no in\u00edcio da noite dessa sexta-feira (11) um homem foragido do sistema prisional do Rio Grande do Norte, durante fiscaliza\u00e7\u00e3o na BR 101, km 88.\u00a0<\/p>\n\n\n\n<p>O homem de 29 anos conduzia um ve\u00edculo Chevrolet \u00d4nix. Ao consultar os sistemas, a PRF constatou que ele possuia quatro mandados de pris\u00e3o em aberto no Estado do Acre e que era foragido do sistema prisional do Rio Grande do Norte.<\/p>\n\n\n\n<p>Durante a abordagem o homem apresentou documentos falsos para evitar que a pol\u00edcia identificasse os mandados de pris\u00e3o. Ele n\u00e3o esbo\u00e7ou rea\u00e7\u00e3o e estava com a esposa e filho pequeno.&nbsp;<\/p>\n\n\n\n<p>Al\u00e9m de possuir uma vasta ficha criminal com mandados de pris\u00e3o aguardando cumprimento e ser foragido de pres\u00eddio, o homem \u00e9 investigado por fazer parte de organiza\u00e7\u00e3o criminosa que atua dentro e fora de pres\u00eddios no pa\u00eds.&nbsp;<\/p>\n\n\n\n<p>A ocorr\u00eancia foi encaminhada para a Central de Pol\u00edcia Civil de Jo\u00e3o Pessoa.<\/p>\n","protected":false},"excerpt":{"rendered":"<p>A Pol\u00edcia Rodovi\u00e1ria Federal (PRF) prendeu no in\u00edcio da noite dessa sexta-feira (11) um homem foragido do sistema prisional do Rio Grande do Norte, durante&hellip; <\/p>\n","protected":false},"author":1,"featured_media":126025,"comment_status":"closed","ping_status":"closed","sticky":false,"template":"","format":"standard","meta":{"sfsi_plus_gutenberg_text_before_share":"","sfsi_plus_gutenberg_show_text_before_share":"","sfsi_plus_gutenberg_icon_type":"","sfsi_plus_gutenberg_icon_alignemt":"","sfsi_plus_gutenburg_max_per_row":"","footnotes":""},"categories":[12],"tags":[],"class_list":["post-126023","post","type-post","status-publish","format-standard","has-post-thumbnail","hentry","category-policia"],"_links":{"self":[{"href":"https:\/\/www.caririemacao.com\/1\/wp-json\/wp\/v2\/posts\/126023","targetHints":{"allow":["GET"]}}],"collection":[{"href":"https:\/\/www.caririemacao.com\/1\/wp-json\/wp\/v2\/posts"}],"about":[{"href":"https:\/\/www.caririemacao.com\/1\/wp-json\/wp\/v2\/types\/post"}],"author":[{"embeddable":true,"href":"https:\/\/www.caririemacao.com\/1\/wp-json\/wp\/v2\/users\/1"}],"replies":[{"embeddable":true,"href":"https:\/\/www.caririemacao.com\/1\/wp-json\/wp\/v2\/comments?post=126023"}],"version-history":[{"count":1,"href":"https:\/\/www.caririemacao.com\/1\/wp-json\/wp\/v2\/posts\/126023\/revisions"}],"predecessor-version":[{"id":126026,"href":"https:\/\/www.caririemacao.com\/1\/wp-json\/wp\/v2\/posts\/126023\/revisions\/126026"}],"wp:featuredmedia":[{"embeddable":true,"href":"https:\/\/www.caririemacao.com\/1\/wp-json\/wp\/v2\/media\/126025"}],"wp:attachment":[{"href":"https:\/\/www.caririemacao.com\/1\/wp-json\/wp\/v2\/media?parent=126023"}],"wp:term":[{"taxonomy":"category","embeddable":true,"href":"https:\/\/www.caririemacao.com\/1\/wp-json\/wp\/v2\/categories?post=126023"},{"taxonomy":"post_tag","embeddable":true,"href":"https:\/\/www.caririemacao.com\/1\/wp-json\/wp\/v2\/tags?post=126023"}],"curies":[{"name":"wp","href":"https:\/\/api.w.org\/{rel}","templated":true}]}}