{"id":126096,"date":"2019-10-12T13:08:44","date_gmt":"2019-10-12T16:08:44","guid":{"rendered":"http:\/\/www.caririemacao.com\/1\/?p=126096"},"modified":"2019-10-12T13:08:44","modified_gmt":"2019-10-12T16:08:44","slug":"prefeitura-de-sao-sebastiao-do-umbuzeiro-realiza-festa-para-as-criancas","status":"publish","type":"post","link":"https:\/\/www.caririemacao.com\/1\/2019\/10\/12\/prefeitura-de-sao-sebastiao-do-umbuzeiro-realiza-festa-para-as-criancas\/","title":{"rendered":"Prefeitura de S\u00e3o Sebasti\u00e3o do Umbuzeiro realiza festa para as crian\u00e7as"},"content":{"rendered":"\n<p>A Prefeitura de S\u00e3o Sebasti\u00e3o do Umbuzeiro realizou na tarde desta sexta-feira, 11 de outubro, uma grande festa para comemorar o Dia das Crian\u00e7as. A a\u00e7\u00e3o teve apoio da Secretaria de Assist\u00eancia Social.<\/p>\n\n\n\n<p>A programa\u00e7\u00e3o deu inicio \u00e0s 16h00 e foi realizada na Pra\u00e7a de Eventos, e contou com passeio cicl\u00edstico, cama el\u00e1stica, pula-pula, piscina de bolinha e a distribui\u00e7\u00e3o de lanche, pipoca, picol\u00e9s e sorteio de duas bicicletas.<\/p>\n\n\n\n<p>A a\u00e7\u00e3o, elaborada pelo Prefeito Adriano Wolff, teve como principal finalidade oferecer um dia motivado e animado para todas as crian\u00e7as do munic\u00edpio em comemora\u00e7\u00e3o ao seu Dia.<\/p>\n\n\n\n<p>Blog do Didi<\/p>\n","protected":false},"excerpt":{"rendered":"<p>A Prefeitura de S\u00e3o Sebasti\u00e3o do Umbuzeiro realizou na tarde desta sexta-feira, 11 de outubro, uma grande festa para comemorar o Dia das Crian\u00e7as. A&hellip; <\/p>\n","protected":false},"author":1,"featured_media":126097,"comment_status":"closed","ping_status":"closed","sticky":false,"template":"","format":"standard","meta":{"sfsi_plus_gutenberg_text_before_share":"","sfsi_plus_gutenberg_show_text_before_share":"","sfsi_plus_gutenberg_icon_type":"","sfsi_plus_gutenberg_icon_alignemt":"","sfsi_plus_gutenburg_max_per_row":"","footnotes":""},"categories":[6],"tags":[],"class_list":["post-126096","post","type-post","status-publish","format-standard","has-post-thumbnail","hentry","category-cidades"],"_links":{"self":[{"href":"https:\/\/www.caririemacao.com\/1\/wp-json\/wp\/v2\/posts\/126096","targetHints":{"allow":["GET"]}}],"collection":[{"href":"https:\/\/www.caririemacao.com\/1\/wp-json\/wp\/v2\/posts"}],"about":[{"href":"https:\/\/www.caririemacao.com\/1\/wp-json\/wp\/v2\/types\/post"}],"author":[{"embeddable":true,"href":"https:\/\/www.caririemacao.com\/1\/wp-json\/wp\/v2\/users\/1"}],"replies":[{"embeddable":true,"href":"https:\/\/www.caririemacao.com\/1\/wp-json\/wp\/v2\/comments?post=126096"}],"version-history":[{"count":1,"href":"https:\/\/www.caririemacao.com\/1\/wp-json\/wp\/v2\/posts\/126096\/revisions"}],"predecessor-version":[{"id":126098,"href":"https:\/\/www.caririemacao.com\/1\/wp-json\/wp\/v2\/posts\/126096\/revisions\/126098"}],"wp:featuredmedia":[{"embeddable":true,"href":"https:\/\/www.caririemacao.com\/1\/wp-json\/wp\/v2\/media\/126097"}],"wp:attachment":[{"href":"https:\/\/www.caririemacao.com\/1\/wp-json\/wp\/v2\/media?parent=126096"}],"wp:term":[{"taxonomy":"category","embeddable":true,"href":"https:\/\/www.caririemacao.com\/1\/wp-json\/wp\/v2\/categories?post=126096"},{"taxonomy":"post_tag","embeddable":true,"href":"https:\/\/www.caririemacao.com\/1\/wp-json\/wp\/v2\/tags?post=126096"}],"curies":[{"name":"wp","href":"https:\/\/api.w.org\/{rel}","templated":true}]}}