{"id":126100,"date":"2019-10-12T13:09:54","date_gmt":"2019-10-12T16:09:54","guid":{"rendered":"http:\/\/www.caririemacao.com\/1\/?p=126100"},"modified":"2019-10-12T13:09:54","modified_gmt":"2019-10-12T16:09:54","slug":"hospital-regional-de-monteiro-integra-programa-que-visa-zerar-fila-de-espera-por-cirurgias","status":"publish","type":"post","link":"https:\/\/www.caririemacao.com\/1\/2019\/10\/12\/hospital-regional-de-monteiro-integra-programa-que-visa-zerar-fila-de-espera-por-cirurgias\/","title":{"rendered":"Hospital Regional de Monteiro integra programa que visa zerar fila de espera por cirurgias"},"content":{"rendered":"\n<p>O governador Jo\u00e3o Azev\u00eado lan\u00e7ou, nesta sexta-feira (11), o Programa Opera Para\u00edba, que tem como meta a redu\u00e7\u00e3o das filas de espera por cirurgias eletivas no Sistema \u00danico de Sa\u00fade (SUS). Com investimentos da ordem de R$ 6 milh\u00f5es apenas no primeiro ano, o Opera Para\u00edba vai contemplar mais de 12 mil paraibanos em 36 tipos de cirurgias. A solenidade de lan\u00e7amento ocorreu no Pal\u00e1cio da Reden\u00e7\u00e3o, em Jo\u00e3o Pessoa.<\/p>\n\n\n\n<p>Ao todo, 12 hospitais da Rede Estadual v\u00e3o integrar a for\u00e7a-tarefa para a realiza\u00e7\u00e3o dos procedimentos cir\u00fargicos, que contemplam as especialidades de ortopedia, oftalmologia, otorrinolaringologia, ginecologia, proctologia e cirurgia geral.<\/p>\n\n\n\n<p>A contrapartida dos munic\u00edpios consiste na realiza\u00e7\u00e3o dos exames pr\u00e9-operat\u00f3rios e no transporte at\u00e9 a unidade hospitalar respons\u00e1vel pelo procedimento cir\u00fargico.<\/p>\n\n\n\n<p>Na ocasi\u00e3o, Jo\u00e3o Azev\u00eado ressaltou a import\u00e2ncia do programa como instrumento de repara\u00e7\u00e3o da d\u00edvida que o Estado tem na \u00e1rea de cirurgias eletivas.<\/p>\n\n\n\n<p>\u201cEssa \u00e9 uma demanda de anos que o povo da Para\u00edba tem, que \u00e9 a lista de espera por cirurgias eletivas. E a possibilidade de lan\u00e7armos um programa que tem a meta ambiciosa de efetivamente zerarmos essa fila atrav\u00e9s de uma programa\u00e7\u00e3o muito bem pensada, muito bem planejada pela Secretaria de Sa\u00fade, \u00e9 um projeto de avan\u00e7o social muito grande\u201d, afirmou.<\/p>\n\n\n\n<p>\u201cEu n\u00e3o tenho d\u00favida nenhuma de que com o empenho de toda a equipe, com determina\u00e7\u00e3o, vamos acabar com a fila de espera pela cirurgia eletiva\u201d, prosseguiu Jo\u00e3o Azev\u00eado, destacando que o lan\u00e7amento do Opera Para\u00edba \u00e9 uma das a\u00e7\u00f5es mais importantes de sua gest\u00e3o at\u00e9 o momento.<\/p>\n\n\n\n<p>J\u00e1 o secret\u00e1rio de Estado da Sa\u00fade, Geraldo Medeiros, ressaltou que o Programa Opera Para\u00edba vem preencher uma lacuna assistencial no Estado.<\/p>\n\n\n\n<p>\u201c\u00c9 uma infinidade de cirurgias que vai atender aos anseios da popula\u00e7\u00e3o pobre que, assim como em outras partes do Pa\u00eds, n\u00e3o tinha acesso. S\u00e3o cirurgias de ves\u00edcula, ortop\u00e9dicas, por exemplo\u201d, comentou.<\/p>\n\n\n\n<p>Al\u00e9m da vice-governadora L\u00edgia Feliciano, a solenidade de lan\u00e7amento do Programa Opera Para\u00edba foi prestigiada por diversas autoridades na \u00e1rea de Sa\u00fade, assim como lideran\u00e7as pol\u00edticas, a exemplo de deputados estaduais, como o presidente da Assembleia Legislativa da Para\u00edba, Adriano Galdino, e do vice, Genival Matias. O senador Veneziano Vital do R\u00eago e o deputado federal Hugo Mota tamb\u00e9m prestigiaram a solenidade.<\/p>\n\n\n\n<p>Opera Para\u00edba \u2013 Ser\u00e3o investidos, apenas no primeiro ano do programa, R$ 6 milh\u00f5es do Tesouro Estadual e mais R$ 4,8 milh\u00f5es do Minist\u00e9rio da Sa\u00fade.<\/p>\n\n\n\n<p>A meta \u00e9 reduzir as filas de espera por cirurgias eletivas no Sistema \u00danico de Sa\u00fade em um ano. Ao todo, participam do programa 12 hospitais da Rede Estadual, contemplando 36 procedimentos cir\u00fargicos, com mais de 12 mil paraibanos beneficiados.<\/p>\n\n\n\n<p>Como contrapartida, os munic\u00edpios entram com os exames pr\u00e9-operat\u00f3rios e com o transporte do paciente at\u00e9 o hospital respons\u00e1vel pela cirurgia.<\/p>\n\n\n\n<p>Os hospitais que integram a for\u00e7a-tarefa s\u00e3o os seguintes: Hospital Regional de Guarabira; Hospital Regional de Picu\u00ed; Hospital Regional de Monteiro; Hospital Sinh\u00e1 Carneiro, em Santa Luzia; Hospital Distrital de Itaporanga; Hospital Regional de Catol\u00e9 do Rocha; Hospital Regional de Cajazeiras; Hospital Regional de Sousa; Hospital Regional de Itabaiana; Hospital Rui Carneiro, em Pombal; Hospital Geral de Queimadas; Hospital Geral de Tapero\u00e1.<\/p>\n","protected":false},"excerpt":{"rendered":"<p>O governador Jo\u00e3o Azev\u00eado lan\u00e7ou, nesta sexta-feira (11), o Programa Opera Para\u00edba, que tem como meta a redu\u00e7\u00e3o das filas de espera por cirurgias eletivas&hellip; <\/p>\n","protected":false},"author":1,"featured_media":110839,"comment_status":"closed","ping_status":"closed","sticky":false,"template":"","format":"standard","meta":{"sfsi_plus_gutenberg_text_before_share":"","sfsi_plus_gutenberg_show_text_before_share":"","sfsi_plus_gutenberg_icon_type":"","sfsi_plus_gutenberg_icon_alignemt":"","sfsi_plus_gutenburg_max_per_row":"","footnotes":""},"categories":[16],"tags":[],"class_list":["post-126100","post","type-post","status-publish","format-standard","has-post-thumbnail","hentry","category-saude"],"_links":{"self":[{"href":"https:\/\/www.caririemacao.com\/1\/wp-json\/wp\/v2\/posts\/126100","targetHints":{"allow":["GET"]}}],"collection":[{"href":"https:\/\/www.caririemacao.com\/1\/wp-json\/wp\/v2\/posts"}],"about":[{"href":"https:\/\/www.caririemacao.com\/1\/wp-json\/wp\/v2\/types\/post"}],"author":[{"embeddable":true,"href":"https:\/\/www.caririemacao.com\/1\/wp-json\/wp\/v2\/users\/1"}],"replies":[{"embeddable":true,"href":"https:\/\/www.caririemacao.com\/1\/wp-json\/wp\/v2\/comments?post=126100"}],"version-history":[{"count":1,"href":"https:\/\/www.caririemacao.com\/1\/wp-json\/wp\/v2\/posts\/126100\/revisions"}],"predecessor-version":[{"id":126101,"href":"https:\/\/www.caririemacao.com\/1\/wp-json\/wp\/v2\/posts\/126100\/revisions\/126101"}],"wp:featuredmedia":[{"embeddable":true,"href":"https:\/\/www.caririemacao.com\/1\/wp-json\/wp\/v2\/media\/110839"}],"wp:attachment":[{"href":"https:\/\/www.caririemacao.com\/1\/wp-json\/wp\/v2\/media?parent=126100"}],"wp:term":[{"taxonomy":"category","embeddable":true,"href":"https:\/\/www.caririemacao.com\/1\/wp-json\/wp\/v2\/categories?post=126100"},{"taxonomy":"post_tag","embeddable":true,"href":"https:\/\/www.caririemacao.com\/1\/wp-json\/wp\/v2\/tags?post=126100"}],"curies":[{"name":"wp","href":"https:\/\/api.w.org\/{rel}","templated":true}]}}