{"id":126103,"date":"2019-10-12T13:11:03","date_gmt":"2019-10-12T16:11:03","guid":{"rendered":"http:\/\/www.caririemacao.com\/1\/?p=126103"},"modified":"2019-10-12T13:11:03","modified_gmt":"2019-10-12T16:11:03","slug":"psl-encara-bolsonaro-e-decide-pedir-auditoria-na-campanha-presidencial","status":"publish","type":"post","link":"https:\/\/www.caririemacao.com\/1\/2019\/10\/12\/psl-encara-bolsonaro-e-decide-pedir-auditoria-na-campanha-presidencial\/","title":{"rendered":"PSL encara Bolsonaro e decide pedir auditoria na campanha presidencial"},"content":{"rendered":"\n<p>\u201cLogo ap\u00f3s o presidente Jair Bolsonaro e 21 parlamentares terem pedido ao PSL acesso \u00e0s contas do partido\\ para auditoria, o comando da legenda decidiu contra-atacar. Vai pedir auditoria nas contas da campanha presidencial do ano passado. Nas palavras de um integrante do PSL, foi iniciado um processo que deixar\u00e1 \u2018as v\u00edsceras do partido expostas\u201d, informa o jornalista Gerson Camarotti, em reportagem publicada no G1.<\/p>\n\n\n\n<p><strong>Leia, abaixo, reportagem da Reuters sobre a crise de Bolsonaro com seu partido:<\/strong><\/p>\n\n\n\n<p>ITAGUA\u00cd, Rio de Janeiro (Reuters) \u2013 Ap\u00f3s os desentendimentos com o comando do PSL chegarem a novas temperaturas m\u00e1ximas esta semana, o presidente Jair Bolsonaro afirmou nesta sexta-feira que \u201co nosso partido \u00e9 o Brasil\u201d.<\/p>\n\n\n\n<p>Ao discursar na cerim\u00f4nia de in\u00edcio da integra\u00e7\u00e3o do submarino Humait\u00e1, Bolsonaro que os inimigos internos s\u00e3o mais terr\u00edveis que os externos.<\/p>\n\n\n\n<p>\u201cO destino do nosso pa\u00eds quem os far\u00e1 seremos todos n\u00f3s, juntos e unidos, porque l\u00e1 fora cada vez mais pensam em nos colocar numa situa\u00e7\u00e3o de colonizados e n\u00e3o permitiremos\u201d, disse o presidente.<\/p>\n\n\n\n<p>\u201cComo pol\u00edtico eu digo: o nosso partido \u00e9 o Brasil. Temos inimigos dentro e fora do Brasil e os de dentro s\u00e3o os mais terr\u00edveis e os de fora n\u00f3s venceremos com tecnologia, disposi\u00e7\u00e3o e meios de dissuas\u00e3o\u201d, acrescentou.<\/p>\n\n\n\n<p>Em um tom de voz mais elevado e parecendo se dirigir ao governador do Rio de Janeiro, Wilson Witzel (PSC), que estava no palco principal, afirmou que trabalha para que seu sucessor no futuro receba um pa\u00eds melhor do que dele recebeu.<\/p>\n\n\n\n<p>\u201cTrabalho para que quem por ventura no futuro \u2014de forma \u00e9tica, moral e sem covardia\u2014 venha assumir o destino da na\u00e7\u00e3o encontre nossa p\u00e1tria numa situa\u00e7\u00e3o bem melhor do que encontrei no corrente ano\u201d, afirmou Bolsonaro.<\/p>\n\n\n\n<p>Na ter\u00e7a-feira, o presidente chegou a falar para um apoiador esquecer seu partido, o PSL e afirmou que o presidente da legenda, deputado Luciano Bivar, est\u00e1 \u201cqueimado para caramba\u201d. No dia seguinte, procurou minimizar a situa\u00e7\u00e3o, afirmando que \u201cbriga de marido e mulher, de vez em quando acontece\u201d.<\/p>\n\n\n\n<p>J\u00e1 a rela\u00e7\u00e3o com Witzel, que se beneficiou da onda Bolsonaro para ser eleito governador no ano passado, esfriou desde que o ex-juiz deu ind\u00edcios de que pretende disputar a elei\u00e7\u00e3o presidencial em 2022.<\/p>\n","protected":false},"excerpt":{"rendered":"<p>\u201cLogo ap\u00f3s o presidente Jair Bolsonaro e 21 parlamentares terem pedido ao PSL acesso \u00e0s contas do partido\\ para auditoria, o comando da legenda decidiu&hellip; <\/p>\n","protected":false},"author":1,"featured_media":75438,"comment_status":"closed","ping_status":"closed","sticky":false,"template":"","format":"standard","meta":{"sfsi_plus_gutenberg_text_before_share":"","sfsi_plus_gutenberg_show_text_before_share":"","sfsi_plus_gutenberg_icon_type":"","sfsi_plus_gutenberg_icon_alignemt":"","sfsi_plus_gutenburg_max_per_row":"","footnotes":""},"categories":[11],"tags":[],"class_list":["post-126103","post","type-post","status-publish","format-standard","has-post-thumbnail","hentry","category-politica"],"_links":{"self":[{"href":"https:\/\/www.caririemacao.com\/1\/wp-json\/wp\/v2\/posts\/126103","targetHints":{"allow":["GET"]}}],"collection":[{"href":"https:\/\/www.caririemacao.com\/1\/wp-json\/wp\/v2\/posts"}],"about":[{"href":"https:\/\/www.caririemacao.com\/1\/wp-json\/wp\/v2\/types\/post"}],"author":[{"embeddable":true,"href":"https:\/\/www.caririemacao.com\/1\/wp-json\/wp\/v2\/users\/1"}],"replies":[{"embeddable":true,"href":"https:\/\/www.caririemacao.com\/1\/wp-json\/wp\/v2\/comments?post=126103"}],"version-history":[{"count":1,"href":"https:\/\/www.caririemacao.com\/1\/wp-json\/wp\/v2\/posts\/126103\/revisions"}],"predecessor-version":[{"id":126104,"href":"https:\/\/www.caririemacao.com\/1\/wp-json\/wp\/v2\/posts\/126103\/revisions\/126104"}],"wp:featuredmedia":[{"embeddable":true,"href":"https:\/\/www.caririemacao.com\/1\/wp-json\/wp\/v2\/media\/75438"}],"wp:attachment":[{"href":"https:\/\/www.caririemacao.com\/1\/wp-json\/wp\/v2\/media?parent=126103"}],"wp:term":[{"taxonomy":"category","embeddable":true,"href":"https:\/\/www.caririemacao.com\/1\/wp-json\/wp\/v2\/categories?post=126103"},{"taxonomy":"post_tag","embeddable":true,"href":"https:\/\/www.caririemacao.com\/1\/wp-json\/wp\/v2\/tags?post=126103"}],"curies":[{"name":"wp","href":"https:\/\/api.w.org\/{rel}","templated":true}]}}