{"id":126106,"date":"2019-10-12T13:12:30","date_gmt":"2019-10-12T16:12:30","guid":{"rendered":"http:\/\/www.caririemacao.com\/1\/?p=126106"},"modified":"2019-10-12T13:12:30","modified_gmt":"2019-10-12T16:12:30","slug":"secretarias-de-saude-e-assistencia-social-de-amparo-realizaram-atividades-com-grupo-de-idosos","status":"publish","type":"post","link":"https:\/\/www.caririemacao.com\/1\/2019\/10\/12\/secretarias-de-saude-e-assistencia-social-de-amparo-realizaram-atividades-com-grupo-de-idosos\/","title":{"rendered":"Secretarias de Sa\u00fade e Assist\u00eancia Social de Amparo realizaram atividades com Grupo de Idosos"},"content":{"rendered":"\n<figure class=\"wp-block-image\"><img decoding=\"async\" data-src=\"https:\/\/1.bp.blogspot.com\/-sga8GJPpZJM\/XaEAKH43tkI\/AAAAAAABD_4\/RyP6PQuR2EINVJFBa0R8sCTEbWrWDaO2QCLcBGAsYHQ\/s400\/ACADEMIA%2B%252814%2529.JPG\" alt=\"ACADEMIA%2B%252814%2529\" src=\"data:image\/svg+xml;base64,PHN2ZyB3aWR0aD0iMSIgaGVpZ2h0PSIxIiB4bWxucz0iaHR0cDovL3d3dy53My5vcmcvMjAwMC9zdmciPjwvc3ZnPg==\" class=\"lazyload\" \/><\/figure>\n\n\n\n<p>A Secretaria Municipal de Sa\u00fade em parceria com a Secretaria de Assist\u00eancia Social realizaram na manh\u00e3 da \u00faltima quinta-feira (10) um dia voltado para os idosos.<br>A preparadora F\u00edsica Vilma En\u00e9as junto com o Fisioterapeuta Fl\u00e1vio Henrique, realizaram algumas atividades f\u00edsicas com o Grupo de Idosos.<br>As atividades foram realizadas na Academia do Idoso.<br>Logo ap\u00f3s, os idosos se dirigiram at\u00e9 o CRAS onde receberam palestras e esclarecimentos com a Equipe do NASF. A psic\u00f3loga Dr\u00aa Juliana Sampaio, a Nutricionista Dr\u00aa Sabryna e a Assistente Social Amanda ficaram respons\u00e1veis por esse momento.<br>Para encerrar, foi servido um lanche para todos os presentes.<br>Estas atividades est\u00e3o dentro da programa\u00e7\u00e3o do Outubro Rosa, que vem sendo realizada pela Prefeitura Municipal de Amparo.<br>Com informa\u00e7\u00f5es e fotos de Amparo Ligado\n\n<\/p>\n","protected":false},"excerpt":{"rendered":"<p>A Secretaria Municipal de Sa\u00fade em parceria com a Secretaria de Assist\u00eancia Social realizaram na manh\u00e3 da \u00faltima quinta-feira (10) um dia voltado para os&hellip; <\/p>\n","protected":false},"author":1,"featured_media":126107,"comment_status":"closed","ping_status":"closed","sticky":false,"template":"","format":"standard","meta":{"sfsi_plus_gutenberg_text_before_share":"","sfsi_plus_gutenberg_show_text_before_share":"","sfsi_plus_gutenberg_icon_type":"","sfsi_plus_gutenberg_icon_alignemt":"","sfsi_plus_gutenburg_max_per_row":"","footnotes":""},"categories":[2],"tags":[],"class_list":["post-126106","post","type-post","status-publish","format-standard","has-post-thumbnail","hentry","category-geral"],"_links":{"self":[{"href":"https:\/\/www.caririemacao.com\/1\/wp-json\/wp\/v2\/posts\/126106","targetHints":{"allow":["GET"]}}],"collection":[{"href":"https:\/\/www.caririemacao.com\/1\/wp-json\/wp\/v2\/posts"}],"about":[{"href":"https:\/\/www.caririemacao.com\/1\/wp-json\/wp\/v2\/types\/post"}],"author":[{"embeddable":true,"href":"https:\/\/www.caririemacao.com\/1\/wp-json\/wp\/v2\/users\/1"}],"replies":[{"embeddable":true,"href":"https:\/\/www.caririemacao.com\/1\/wp-json\/wp\/v2\/comments?post=126106"}],"version-history":[{"count":1,"href":"https:\/\/www.caririemacao.com\/1\/wp-json\/wp\/v2\/posts\/126106\/revisions"}],"predecessor-version":[{"id":126108,"href":"https:\/\/www.caririemacao.com\/1\/wp-json\/wp\/v2\/posts\/126106\/revisions\/126108"}],"wp:featuredmedia":[{"embeddable":true,"href":"https:\/\/www.caririemacao.com\/1\/wp-json\/wp\/v2\/media\/126107"}],"wp:attachment":[{"href":"https:\/\/www.caririemacao.com\/1\/wp-json\/wp\/v2\/media?parent=126106"}],"wp:term":[{"taxonomy":"category","embeddable":true,"href":"https:\/\/www.caririemacao.com\/1\/wp-json\/wp\/v2\/categories?post=126106"},{"taxonomy":"post_tag","embeddable":true,"href":"https:\/\/www.caririemacao.com\/1\/wp-json\/wp\/v2\/tags?post=126106"}],"curies":[{"name":"wp","href":"https:\/\/api.w.org\/{rel}","templated":true}]}}