{"id":126110,"date":"2019-10-12T13:18:38","date_gmt":"2019-10-12T16:18:38","guid":{"rendered":"http:\/\/www.caririemacao.com\/1\/?p=126110"},"modified":"2019-10-12T13:18:38","modified_gmt":"2019-10-12T16:18:38","slug":"prefeitura-de-amparo-realizou-grande-festa-em-comemoracao-ao-dia-das-criancas","status":"publish","type":"post","link":"https:\/\/www.caririemacao.com\/1\/2019\/10\/12\/prefeitura-de-amparo-realizou-grande-festa-em-comemoracao-ao-dia-das-criancas\/","title":{"rendered":"Prefeitura de Amparo realizou Grande Festa em Comemora\u00e7\u00e3o ao Dia das Crian\u00e7as"},"content":{"rendered":"\n<p>\n\nA Prefeitura de Amparo, atrav\u00e9s das Secretarias Municipais de Educa\u00e7\u00e3o, Assist\u00eancia Social e Educa\u00e7\u00e3o realizou na tarde dessa sexta-feira (11) um grandioso evento para comemorar o Dia das Crian\u00e7as.<\/p>\n\n\n\n<p><\/p>\n\n\n\n<figure class=\"wp-block-image\"><a href=\"https:\/\/1.bp.blogspot.com\/-JqN6-WD0Kpg\/XaES8phGSsI\/AAAAAAABEGs\/gVIh9v6P2946Q0TqfuHSxPMd25HdlVG-ACLcBGAsYHQ\/s1600\/DIA%2BDAS%2BCRIAN%25C3%2587AS%2B%252878%2529.JPG\"><img decoding=\"async\" data-src=\"https:\/\/1.bp.blogspot.com\/-JqN6-WD0Kpg\/XaES8phGSsI\/AAAAAAABEGs\/gVIh9v6P2946Q0TqfuHSxPMd25HdlVG-ACLcBGAsYHQ\/s640\/DIA%2BDAS%2BCRIAN%25C3%2587AS%2B%252878%2529.JPG\" alt=\"\" src=\"data:image\/svg+xml;base64,PHN2ZyB3aWR0aD0iMSIgaGVpZ2h0PSIxIiB4bWxucz0iaHR0cDovL3d3dy53My5vcmcvMjAwMC9zdmciPjwvc3ZnPg==\" class=\"lazyload\" \/><\/a><\/figure>\n\n\n\n<p>Parque de Divers\u00e3o, Brincadeiras, musica e distribui\u00e7\u00e3o de doces fizeram a alegria da crian\u00e7ada. Tamb\u00e9m foi oferecido Atendimento Bucal. O evento foi realizado no Est\u00e1dio Municipal Ronald\u00e3o.<\/p>\n\n\n\n<p><\/p>\n\n\n\n<figure class=\"wp-block-image\"><a href=\"https:\/\/1.bp.blogspot.com\/-80-JmGwLxsw\/XaERiUtBvzI\/AAAAAAABEFA\/lFKZ5pmZlS4N4MBEghmkt1gOa4UxQsJyACLcBGAsYHQ\/s1600\/DIA%2BDAS%2BCRIAN%25C3%2587AS%2B%25283%2529.JPG\"><img decoding=\"async\" data-src=\"https:\/\/1.bp.blogspot.com\/-80-JmGwLxsw\/XaERiUtBvzI\/AAAAAAABEFA\/lFKZ5pmZlS4N4MBEghmkt1gOa4UxQsJyACLcBGAsYHQ\/s640\/DIA%2BDAS%2BCRIAN%25C3%2587AS%2B%25283%2529.JPG\" alt=\"\" src=\"data:image\/svg+xml;base64,PHN2ZyB3aWR0aD0iMSIgaGVpZ2h0PSIxIiB4bWxucz0iaHR0cDovL3d3dy53My5vcmcvMjAwMC9zdmciPjwvc3ZnPg==\" class=\"lazyload\" \/><\/a><\/figure>\n","protected":false},"excerpt":{"rendered":"<p>A Prefeitura de Amparo, atrav\u00e9s das Secretarias Municipais de Educa\u00e7\u00e3o, Assist\u00eancia Social e Educa\u00e7\u00e3o realizou na tarde dessa sexta-feira (11) um grandioso evento para comemorar&hellip; <\/p>\n","protected":false},"author":1,"featured_media":126111,"comment_status":"closed","ping_status":"closed","sticky":false,"template":"","format":"standard","meta":{"sfsi_plus_gutenberg_text_before_share":"","sfsi_plus_gutenberg_show_text_before_share":"","sfsi_plus_gutenberg_icon_type":"","sfsi_plus_gutenberg_icon_alignemt":"","sfsi_plus_gutenburg_max_per_row":"","footnotes":""},"categories":[6],"tags":[],"class_list":["post-126110","post","type-post","status-publish","format-standard","has-post-thumbnail","hentry","category-cidades"],"_links":{"self":[{"href":"https:\/\/www.caririemacao.com\/1\/wp-json\/wp\/v2\/posts\/126110","targetHints":{"allow":["GET"]}}],"collection":[{"href":"https:\/\/www.caririemacao.com\/1\/wp-json\/wp\/v2\/posts"}],"about":[{"href":"https:\/\/www.caririemacao.com\/1\/wp-json\/wp\/v2\/types\/post"}],"author":[{"embeddable":true,"href":"https:\/\/www.caririemacao.com\/1\/wp-json\/wp\/v2\/users\/1"}],"replies":[{"embeddable":true,"href":"https:\/\/www.caririemacao.com\/1\/wp-json\/wp\/v2\/comments?post=126110"}],"version-history":[{"count":1,"href":"https:\/\/www.caririemacao.com\/1\/wp-json\/wp\/v2\/posts\/126110\/revisions"}],"predecessor-version":[{"id":126112,"href":"https:\/\/www.caririemacao.com\/1\/wp-json\/wp\/v2\/posts\/126110\/revisions\/126112"}],"wp:featuredmedia":[{"embeddable":true,"href":"https:\/\/www.caririemacao.com\/1\/wp-json\/wp\/v2\/media\/126111"}],"wp:attachment":[{"href":"https:\/\/www.caririemacao.com\/1\/wp-json\/wp\/v2\/media?parent=126110"}],"wp:term":[{"taxonomy":"category","embeddable":true,"href":"https:\/\/www.caririemacao.com\/1\/wp-json\/wp\/v2\/categories?post=126110"},{"taxonomy":"post_tag","embeddable":true,"href":"https:\/\/www.caririemacao.com\/1\/wp-json\/wp\/v2\/tags?post=126110"}],"curies":[{"name":"wp","href":"https:\/\/api.w.org\/{rel}","templated":true}]}}