{"id":126113,"date":"2019-10-12T13:21:29","date_gmt":"2019-10-12T16:21:29","guid":{"rendered":"http:\/\/www.caririemacao.com\/1\/?p=126113"},"modified":"2019-10-12T13:21:29","modified_gmt":"2019-10-12T16:21:29","slug":"crianca-com-farda-da-pm-e-arma-na-mao-posa-para-fotos-com-bolsonaro","status":"publish","type":"post","link":"https:\/\/www.caririemacao.com\/1\/2019\/10\/12\/crianca-com-farda-da-pm-e-arma-na-mao-posa-para-fotos-com-bolsonaro\/","title":{"rendered":"Crian\u00e7a com farda da PM e arma na m\u00e3o posa para fotos com Bolsonaro"},"content":{"rendered":"\n<p>O presidente Jair Bolsonaro (PSL)&nbsp;posou para fotos nesta sexta-feira (11) segurando no colo uma crian\u00e7a que vestia a farda da Pol\u00edcia Militar de S\u00e3o Paulo e segurava na m\u00e3o uma arma de brinquedo. O menino chegou a apontar o armamento falso para o alto, gesto que recebeu sinal de positivo do presidente.<\/p>\n\n\n\n<p>Bolsonaro encontrou o garoto durante a cerim\u00f4nia de&nbsp;formatura de sargentos da PM&nbsp;do estado no Samb\u00f3dromo do Anhembi, Zona Norte da capital.<\/p>\n\n\n\n<p>O presidente ficou no palco ao lado do governador paulista, Jo\u00e3o Doria (PSDB), e do ministro do Meio Ambiente, Ricardo Sales. Bolsonaro foi aplaudido pelo p\u00fablico diversas vezes e chegou a tirar selfies com os policiais e seus familiares durante o evento.<\/p>\n\n\n\n<p>Em seu discurso, Bolsonaro enalteceu os policiais militares. \u201cOutros que me antecederam criticaram as atua\u00e7\u00f5es dos policiais. Eu os sa\u00fado e os louvo. Aqui, l\u00e1 e em qualquer lugar do Brasil e do mundo. Reconhe\u00e7o o hero\u00edsmo de voc\u00eas\u201d, disse.<\/p>\n\n\n\n<p>A PM de S\u00e3o Paulo afirmou que \u201ctoda a aproxima\u00e7\u00e3o do p\u00fablico junto ao Presidente da Rep\u00fablica em eventos, \u00e9 de responsabilidade da seguran\u00e7a do dignat\u00e1rio, realizada pelo Gabinete de Seguran\u00e7a Institucional \u2013 GSI -, do Governo Federal\u201d.<\/p>\n\n\n\n<p>N\u00e3o \u00e9 primeira vez neste ano que crian\u00e7as aparecem com r\u00e9plicas de brinquedo de armas em eventos p\u00fablicos em S\u00e3o Paulo. O artigo 26 do Estatuto de Desarmamento pro\u00edbe a fabrica\u00e7\u00e3o, a venda, a comercializa\u00e7\u00e3o e a importa\u00e7\u00e3o de brinquedos, r\u00e9plicas e simulacros de armas de fogo.<\/p>\n\n\n\n<p>A exce\u00e7\u00e3o prevista na lei de 2003 se d\u00e1 apenas para instru\u00e7\u00e3o, adestramento ou cole\u00e7\u00e3o de usu\u00e1rio autorizado. N\u00e3o h\u00e1, no entanto, regulamenta\u00e7\u00e3o sobre o porte.<\/p>\n\n\n\n<p><em>Com G1&nbsp;<\/em><\/p>\n","protected":false},"excerpt":{"rendered":"<p>O presidente Jair Bolsonaro (PSL)&nbsp;posou para fotos nesta sexta-feira (11) segurando no colo uma crian\u00e7a que vestia a farda da Pol\u00edcia Militar de S\u00e3o Paulo&hellip; <\/p>\n","protected":false},"author":1,"featured_media":126114,"comment_status":"closed","ping_status":"closed","sticky":false,"template":"","format":"standard","meta":{"sfsi_plus_gutenberg_text_before_share":"","sfsi_plus_gutenberg_show_text_before_share":"","sfsi_plus_gutenberg_icon_type":"","sfsi_plus_gutenberg_icon_alignemt":"","sfsi_plus_gutenburg_max_per_row":"","footnotes":""},"categories":[50,11],"tags":[],"class_list":["post-126113","post","type-post","status-publish","format-standard","has-post-thumbnail","hentry","category-destaque","category-politica"],"_links":{"self":[{"href":"https:\/\/www.caririemacao.com\/1\/wp-json\/wp\/v2\/posts\/126113","targetHints":{"allow":["GET"]}}],"collection":[{"href":"https:\/\/www.caririemacao.com\/1\/wp-json\/wp\/v2\/posts"}],"about":[{"href":"https:\/\/www.caririemacao.com\/1\/wp-json\/wp\/v2\/types\/post"}],"author":[{"embeddable":true,"href":"https:\/\/www.caririemacao.com\/1\/wp-json\/wp\/v2\/users\/1"}],"replies":[{"embeddable":true,"href":"https:\/\/www.caririemacao.com\/1\/wp-json\/wp\/v2\/comments?post=126113"}],"version-history":[{"count":1,"href":"https:\/\/www.caririemacao.com\/1\/wp-json\/wp\/v2\/posts\/126113\/revisions"}],"predecessor-version":[{"id":126115,"href":"https:\/\/www.caririemacao.com\/1\/wp-json\/wp\/v2\/posts\/126113\/revisions\/126115"}],"wp:featuredmedia":[{"embeddable":true,"href":"https:\/\/www.caririemacao.com\/1\/wp-json\/wp\/v2\/media\/126114"}],"wp:attachment":[{"href":"https:\/\/www.caririemacao.com\/1\/wp-json\/wp\/v2\/media?parent=126113"}],"wp:term":[{"taxonomy":"category","embeddable":true,"href":"https:\/\/www.caririemacao.com\/1\/wp-json\/wp\/v2\/categories?post=126113"},{"taxonomy":"post_tag","embeddable":true,"href":"https:\/\/www.caririemacao.com\/1\/wp-json\/wp\/v2\/tags?post=126113"}],"curies":[{"name":"wp","href":"https:\/\/api.w.org\/{rel}","templated":true}]}}