{"id":126118,"date":"2019-10-12T14:04:59","date_gmt":"2019-10-12T17:04:59","guid":{"rendered":"http:\/\/www.caririemacao.com\/1\/?p=126118"},"modified":"2019-10-12T14:04:59","modified_gmt":"2019-10-12T17:04:59","slug":"mensagem-do-papa-ao-brasil-no-dia-da-sua-padroeira-veja-o-video","status":"publish","type":"post","link":"https:\/\/www.caririemacao.com\/1\/2019\/10\/12\/mensagem-do-papa-ao-brasil-no-dia-da-sua-padroeira-veja-o-video\/","title":{"rendered":"Mensagem do papa ao Brasil no dia da sua padroeira. Veja o v\u00eddeo"},"content":{"rendered":"\n<p>No dia da padroeira do Brasil, o Papa Francisco verbalizou uma mensagem especial a todos os brasileiros.<\/p>\n\n\n\n<p>\u201cNo dia de Nossa Senhora Aparecida, trago no cora\u00e7\u00e3o o povo brasileiro e envio uma sauda\u00e7\u00e3o. Que Ela, pequenina e humilde, continue os cobrindo e acompanhando em seu caminho: caminho de paz, de alegria, de justi\u00e7a.<\/p>\n\n\n\n<p>Que Ela os acompanhe em suas dores, quando n\u00e3o podem crescer por tantas limita\u00e7\u00f5es pol\u00edticas ou sociais ou ecol\u00f3gicas, e de tantos lugares prov\u00eam. Que Ela os ajude a crescer e a se libertar continuamente. Que os aben\u00e7oe\u201d.<\/p>\n\n\n\n<p>A mensagem foi gravada neste s\u00e1bado (12\/10), no intervalo matutino da 7\u00aa&nbsp; Congrega\u00e7\u00e3o Geral no \u00e2mbito dos trabalhos do S\u00ednodo dos Bispos para a Amaz\u00f4nia.<\/p>\n\n\n\n<p>Veja a mensagem de Francisco:<\/p>\n\n\n\n<figure><iframe data-src=\"https:\/\/www.youtube.com\/embed\/3qmdnCzRd5E?version=3&amp;rel=1&amp;fs=1&amp;autohide=2&amp;showsearch=0&amp;showinfo=1&amp;iv_load_policy=1&amp;wmode=transparent\" allowfullscreen=\"true\" src=\"data:image\/svg+xml;base64,PHN2ZyB3aWR0aD0iMSIgaGVpZ2h0PSIxIiB4bWxucz0iaHR0cDovL3d3dy53My5vcmcvMjAwMC9zdmciPjwvc3ZnPg==\" class=\"lazyload\" data-load-mode=\"1\"><\/iframe><\/figure>\n","protected":false},"excerpt":{"rendered":"<p>No dia da padroeira do Brasil, o Papa Francisco verbalizou uma mensagem especial a todos os brasileiros. \u201cNo dia de Nossa Senhora Aparecida, trago no&hellip; <\/p>\n","protected":false},"author":1,"featured_media":126119,"comment_status":"closed","ping_status":"closed","sticky":false,"template":"","format":"standard","meta":{"sfsi_plus_gutenberg_text_before_share":"","sfsi_plus_gutenberg_show_text_before_share":"","sfsi_plus_gutenberg_icon_type":"","sfsi_plus_gutenberg_icon_alignemt":"","sfsi_plus_gutenburg_max_per_row":"","footnotes":""},"categories":[2],"tags":[],"class_list":["post-126118","post","type-post","status-publish","format-standard","has-post-thumbnail","hentry","category-geral"],"_links":{"self":[{"href":"https:\/\/www.caririemacao.com\/1\/wp-json\/wp\/v2\/posts\/126118","targetHints":{"allow":["GET"]}}],"collection":[{"href":"https:\/\/www.caririemacao.com\/1\/wp-json\/wp\/v2\/posts"}],"about":[{"href":"https:\/\/www.caririemacao.com\/1\/wp-json\/wp\/v2\/types\/post"}],"author":[{"embeddable":true,"href":"https:\/\/www.caririemacao.com\/1\/wp-json\/wp\/v2\/users\/1"}],"replies":[{"embeddable":true,"href":"https:\/\/www.caririemacao.com\/1\/wp-json\/wp\/v2\/comments?post=126118"}],"version-history":[{"count":1,"href":"https:\/\/www.caririemacao.com\/1\/wp-json\/wp\/v2\/posts\/126118\/revisions"}],"predecessor-version":[{"id":126120,"href":"https:\/\/www.caririemacao.com\/1\/wp-json\/wp\/v2\/posts\/126118\/revisions\/126120"}],"wp:featuredmedia":[{"embeddable":true,"href":"https:\/\/www.caririemacao.com\/1\/wp-json\/wp\/v2\/media\/126119"}],"wp:attachment":[{"href":"https:\/\/www.caririemacao.com\/1\/wp-json\/wp\/v2\/media?parent=126118"}],"wp:term":[{"taxonomy":"category","embeddable":true,"href":"https:\/\/www.caririemacao.com\/1\/wp-json\/wp\/v2\/categories?post=126118"},{"taxonomy":"post_tag","embeddable":true,"href":"https:\/\/www.caririemacao.com\/1\/wp-json\/wp\/v2\/tags?post=126118"}],"curies":[{"name":"wp","href":"https:\/\/api.w.org\/{rel}","templated":true}]}}