{"id":126125,"date":"2019-10-12T14:07:25","date_gmt":"2019-10-12T17:07:25","guid":{"rendered":"http:\/\/www.caririemacao.com\/1\/?p=126125"},"modified":"2019-10-12T14:07:25","modified_gmt":"2019-10-12T17:07:25","slug":"unicef-26-das-adolescentes-brasileiras-casam-se-antes-dos-18-anos","status":"publish","type":"post","link":"https:\/\/www.caririemacao.com\/1\/2019\/10\/12\/unicef-26-das-adolescentes-brasileiras-casam-se-antes-dos-18-anos\/","title":{"rendered":"Unicef: 26% das adolescentes brasileiras casam-se antes dos 18 anos"},"content":{"rendered":"\n<p><br>Um relat\u00f3rio produzido pelo Fundo das Na\u00e7\u00f5es Unidas para a Inf\u00e2ncia (Unicef) revelou que 26% das adolescentes brasileiras se casaram ou foram morar com seus parceiros antes de completar 18 anos de idade. O n\u00famero \u00e9 pr\u00f3ximo da m\u00e9dia na Am\u00e9rica Latina, de 25% de casamentos infantis e uni\u00f5es precoces. O relat\u00f3rio&nbsp;<em>Perfil do Casamento Infantil e Uni\u00f5es Precoces<\/em>&nbsp;foi publicado nesta semana.<\/p>\n\n\n\n<p>A m\u00e9dia da regi\u00e3o \u00e9 a mesma nos \u00faltimos 25 anos. E caso ela se mantenha, a Am\u00e9rica Latina ter\u00e1, em 2030, a segunda maior taxa de casamentos infantis do mundo, atr\u00e1s apenas da \u00c1frica Subsaariana, regi\u00e3o composta por pa\u00edses como Ruanda, Burundi, Rep\u00fablica Centro-Africana e Rep\u00fablica Democr\u00e1tica do Congo.<\/p>\n\n\n\n<figure class=\"wp-block-image\"><img decoding=\"async\" data-src=\"http:\/\/imagens.ebc.com.br\/kptWrJkRDGUO0-w9qYZ1zscFSbs=\/754x0\/smart\/http:\/\/agenciabrasil.ebc.com.br\/sites\/default\/files\/atoms\/image\/child.jpg?itok=Hc4Ry0XQ\" alt=\"O Brasil tem o maior n\u00famero de casos de casamento infantil da Am\u00e9rica Latina e o quarto no mundo\" src=\"data:image\/svg+xml;base64,PHN2ZyB3aWR0aD0iMSIgaGVpZ2h0PSIxIiB4bWxucz0iaHR0cDovL3d3dy53My5vcmcvMjAwMC9zdmciPjwvc3ZnPg==\" class=\"lazyload\" \/><\/figure>\n\n\n\n<p>O relat\u00f3rio alerta que a pr\u00e1tica compromete o desenvolvimento dessas jovens nos anos seguintes. \u201cAs uni\u00f5es precoces ou o casamento infantil tornam mais dif\u00edcil para as meninas terem um projeto de vida\u201d, disse o diretor regional do Unicef para a Am\u00e9rica Latina e o Caribe, Bernt Aasen. Segundo o estudo, essas jovens t\u00eam maior probabilidade de viver em \u00e1reas pobres, rurais e com menos acesso \u00e0 educa\u00e7\u00e3o.<\/p>\n\n\n\n<p>O documento mostra a rela\u00e7\u00e3o entre a uni\u00e3o precoce e a gravidez na adolesc\u00eancia. Mais de 80% delas deram \u00e0 luz antes do anivers\u00e1rio de 20 anos. Para Shelly Abdool, assessora regional de g\u00eanero do escrit\u00f3rio do Unicef para Am\u00e9rica Latina e Caribe, o futuro dessas meninas \u00e9 colocado em risco, alavancado pelo \u201cforte impacto sobre a maternidade precoce, os altos riscos de viol\u00eancia por parte dos parceiros e as consequ\u00eancias de abandonar a escola\u201d.<\/p>\n\n\n\n<p>Para a Organiza\u00e7\u00e3o das Na\u00e7\u00f5es Unidas (ONU), \u00e9 necess\u00e1ria cria\u00e7\u00e3o de programas para apoiar a autonomia dessas adolescentes, al\u00e9m da formula\u00e7\u00e3o de pol\u00edticas que impe\u00e7am o casamento infantil e as uni\u00f5es precoces.<\/p>\n","protected":false},"excerpt":{"rendered":"<p>Um relat\u00f3rio produzido pelo Fundo das Na\u00e7\u00f5es Unidas para a Inf\u00e2ncia (Unicef) revelou que 26% das adolescentes brasileiras se casaram ou foram morar com seus&hellip; <\/p>\n","protected":false},"author":1,"featured_media":126126,"comment_status":"closed","ping_status":"closed","sticky":false,"template":"","format":"standard","meta":{"sfsi_plus_gutenberg_text_before_share":"","sfsi_plus_gutenberg_show_text_before_share":"","sfsi_plus_gutenberg_icon_type":"","sfsi_plus_gutenberg_icon_alignemt":"","sfsi_plus_gutenburg_max_per_row":"","footnotes":""},"categories":[2],"tags":[],"class_list":["post-126125","post","type-post","status-publish","format-standard","has-post-thumbnail","hentry","category-geral"],"_links":{"self":[{"href":"https:\/\/www.caririemacao.com\/1\/wp-json\/wp\/v2\/posts\/126125","targetHints":{"allow":["GET"]}}],"collection":[{"href":"https:\/\/www.caririemacao.com\/1\/wp-json\/wp\/v2\/posts"}],"about":[{"href":"https:\/\/www.caririemacao.com\/1\/wp-json\/wp\/v2\/types\/post"}],"author":[{"embeddable":true,"href":"https:\/\/www.caririemacao.com\/1\/wp-json\/wp\/v2\/users\/1"}],"replies":[{"embeddable":true,"href":"https:\/\/www.caririemacao.com\/1\/wp-json\/wp\/v2\/comments?post=126125"}],"version-history":[{"count":1,"href":"https:\/\/www.caririemacao.com\/1\/wp-json\/wp\/v2\/posts\/126125\/revisions"}],"predecessor-version":[{"id":126127,"href":"https:\/\/www.caririemacao.com\/1\/wp-json\/wp\/v2\/posts\/126125\/revisions\/126127"}],"wp:featuredmedia":[{"embeddable":true,"href":"https:\/\/www.caririemacao.com\/1\/wp-json\/wp\/v2\/media\/126126"}],"wp:attachment":[{"href":"https:\/\/www.caririemacao.com\/1\/wp-json\/wp\/v2\/media?parent=126125"}],"wp:term":[{"taxonomy":"category","embeddable":true,"href":"https:\/\/www.caririemacao.com\/1\/wp-json\/wp\/v2\/categories?post=126125"},{"taxonomy":"post_tag","embeddable":true,"href":"https:\/\/www.caririemacao.com\/1\/wp-json\/wp\/v2\/tags?post=126125"}],"curies":[{"name":"wp","href":"https:\/\/api.w.org\/{rel}","templated":true}]}}