{"id":126135,"date":"2019-10-12T14:13:40","date_gmt":"2019-10-12T17:13:40","guid":{"rendered":"http:\/\/www.caririemacao.com\/1\/?p=126135"},"modified":"2019-10-12T14:13:40","modified_gmt":"2019-10-12T17:13:40","slug":"irma-dulce-sera-reconhecida-como-santa-neste-domingo","status":"publish","type":"post","link":"https:\/\/www.caririemacao.com\/1\/2019\/10\/12\/irma-dulce-sera-reconhecida-como-santa-neste-domingo\/","title":{"rendered":"Irm\u00e3 Dulce ser\u00e1 reconhecida como santa neste domingo"},"content":{"rendered":"\n<p>Neste domingo (13), \u00e0s 5h da manh\u00e3 em Bras\u00edlia (10h em Roma), a soteropolitana Maria Rita de Sousa Brito Lopes Pontes (1914\u20131992), nominada como Irm\u00e3 Dulce desde 1933, torna-se a primeira santa nascida no Brasil reconhecida pela Igreja Cat\u00f3lica Apost\u00f3lica Romana. Torna-se Santa Dulce dos Pobres.<\/p>\n\n\n\n<p>A canoniza\u00e7\u00e3o ocorre nove anos ap\u00f3s o colegiado de cardeais e bispos da Congrega\u00e7\u00e3o para a Causa dos Santos, da C\u00faria Romana, atestar o primeiro milagre atribu\u00eddo \u00e0 Irm\u00e3 Dulce descrito no processo de beatifica\u00e7\u00e3o da religiosa iniciado pela Arquidiocese de S\u00e3o Salvador da Bahia. A decis\u00e3o do colegiado \u00e9 baseada em avalia\u00e7\u00e3o de peritos de saber cient\u00edfico (como m\u00e9dicos) e te\u00f3logos.<\/p>\n\n\n\n<p>O milagre que levou \u00e0 beatifica\u00e7\u00e3o foi a intercess\u00e3o da freira, a pedido de ora\u00e7\u00f5es de um padre, para salvar a vida de uma mulher que deu \u00e0 luz a um menino e estava desenganada por causa de uma hemorragia depois do parto, que os m\u00e9dicos n\u00e3o conseguiam conter. O caso ocorreu nove anos ap\u00f3s a morte de Irm\u00e3 Dulce (2001), em uma cidade do interior de Sergipe.<\/p>\n\n\n\n<p>Para a canoniza\u00e7\u00e3o, a Constitui\u00e7\u00e3o Apost\u00f3lica exige a comprova\u00e7\u00e3o de um segundo milagre e semelhante ritual processual e comprobat\u00f3rio. A segunda gra\u00e7a, conforme publicado pela Arquidiocese de Salvador, foi a recupera\u00e7\u00e3o da vis\u00e3o do m\u00fasico e maestro Jos\u00e9 Maur\u00edcio Bragan\u00e7a Moreira, ap\u00f3s 14 anos sem enxergar por causa do glaucoma.<\/p>\n\n\n\n<p>\u201cEu fui paciente de glaucoma muito grave que me cegou durante 14 anos. No dia do milagre, 10 de dezembro de 2014, o meu coral ia cantar, mas a minha esposa nem me deixou sair de casa por causa do derrame que eu tive nos olhos devido a uma conjuntivite viral. Eu passei a noite sem conseguir dormir e por volta das 4h eu peguei a imagem de Irm\u00e3 Dulce, que fica na cabeceira da minha cama, a coloquei nos meus olhos e pedi que ela aliviasse a minha dor\u201d, descreve Moreira em relato publicado pela Confer\u00eancia Nacional dos Bispos do Brasil (CNBB).<\/p>\n\n\n\n<p>De acordo com o m\u00fasico, ap\u00f3s colocar o santinho impresso sobre os olhos, sentiu sono e adormeceu. \u201cQuando eu acordei de manh\u00e3, a minha esposa me deu umas compressas de gelo e foi quando eu comecei a enxergar o gelo e a ver a minha m\u00e3o, e aos poucos a vis\u00e3o foi voltando. O momento que come\u00e7ou o retorno da vis\u00e3o foi pouco tempo depois da ora\u00e7\u00e3o. \u00c9 um milagre\u201d, afirma. Ap\u00f3s o reconhecimento do milagre pela Igreja, o Papa Francisco anunciou a canoniza\u00e7\u00e3o de Irm\u00e3 Dulce.<\/p>\n\n\n\n<p><strong>Voca\u00e7\u00e3o social<\/strong><\/p>\n\n\n\n<p>A voca\u00e7\u00e3o religiosa de Irm\u00e3 Dulce \u00e9 revelada ainda na adolesc\u00eancia sob influ\u00eancia de uma tia paterna. Ela tornou-se freira no come\u00e7o da d\u00e9cada de 1930 pela Congrega\u00e7\u00e3o das Irm\u00e3s Mission\u00e1rias da Imaculada Concei\u00e7\u00e3o da M\u00e3e de Deus, em S\u00e3o Crist\u00f3v\u00e3o (Sergipe).<\/p>\n\n\n\n<p>Formada como professora, teve como primeira miss\u00e3o ensinar a crian\u00e7as em col\u00e9gio de sua congrega\u00e7\u00e3o em Salvador. A voca\u00e7\u00e3o para as causas sociais teve in\u00edcio naquela d\u00e9cada quando passou a prestar assist\u00eancia \u00e0 comunidade pobre de Alagados, e a participar da Uni\u00e3o Oper\u00e1ria S\u00e3o Francisco.<\/p>\n\n\n\n<p>Em 1937, funda o C\u00edrculo Oper\u00e1rio da Bahia, juntamente com Frei Hildebrando Kruthaup. Em 1939, Irm\u00e3 Dulce inaugura o Col\u00e9gio Santo Ant\u00f4nio, escola comunit\u00e1ria voltada para oper\u00e1rios e filhos de oper\u00e1rios.<\/p>\n\n\n\n<p>Dez anos depois, ocupa um galinheiro ao lado do Convento Santo Ant\u00f4nio de Salvador para acolher 70 doentes. Em 1959, \u00e9 instalada oficialmente as Obras Sociais Irm\u00e3 Dulce (Osid) e no ano seguinte \u00e9 inaugurado o Albergue Santo Ant\u00f4nio.<br>Celebra\u00e7\u00e3o<\/p>\n\n\n\n<p>O Santu\u00e1rio de Irm\u00e3 Dulce, em Salvador, ao lado da sede das Osid permanecer\u00e1 aberto durante toda noite de s\u00e1bado (12) e a madrugada de domingo para a vig\u00edlia \u00e0 espera das canoniza\u00e7\u00f5es que o Papa Francisco presidir\u00e1 no Vaticano.<\/p>\n\n\n\n<p>Junto com a santa brasileira, ser\u00e3o canonizados os beatos John Henry Newman (1801-1880), cardeal, fundador do Orat\u00f3rio de S\u00e3o Filipe N\u00e9ri na Inglaterra; Giuseppina Vannini, Madre Josefina (1859-1911), italiana, fundadora das Filhas de S\u00e3o Camilo; a Maria Teresa Chiramel Mankidiyan (1876-1926), indiana, fundadora da Congrega\u00e7\u00e3o das Irm\u00e3s da Sagrada Fam\u00edlia; e Margherita Bays (1815-1879), su\u00ed\u00e7a, da Ordem Terceira de S\u00e3o Francisco de Assis.<\/p>\n\n\n\n<p>A primeira missa em honra \u00e0 Santa Dulce dos Pobres ocorrer\u00e1 em Roma na igreja San&#8217;t Andrea della Valle, segunda-feira(14), 24 horas depois da canoniza\u00e7\u00e3o. No dia 20 de outubro, domingo, em Salvador, haver\u00e1 a celebra\u00e7\u00e3o pela canoniza\u00e7\u00e3o da Santa. Ser\u00e1 no est\u00e1dio de futebol Arena Fonte Nova, com abertura dos port\u00f5es ao meio-dia. Os ingressos gratuitos est\u00e3o \u00e0 disposi\u00e7\u00e3o nas diversas par\u00f3quias da Arquidiocese de Salvador e come\u00e7aram a ser distribu\u00eddos no in\u00edcio deste m\u00eas.<br><\/p>\n","protected":false},"excerpt":{"rendered":"<p>Neste domingo (13), \u00e0s 5h da manh\u00e3 em Bras\u00edlia (10h em Roma), a soteropolitana Maria Rita de Sousa Brito Lopes Pontes (1914\u20131992), nominada como Irm\u00e3&hellip; <\/p>\n","protected":false},"author":1,"featured_media":126136,"comment_status":"closed","ping_status":"closed","sticky":false,"template":"","format":"standard","meta":{"sfsi_plus_gutenberg_text_before_share":"","sfsi_plus_gutenberg_show_text_before_share":"","sfsi_plus_gutenberg_icon_type":"","sfsi_plus_gutenberg_icon_alignemt":"","sfsi_plus_gutenburg_max_per_row":"","footnotes":""},"categories":[2],"tags":[],"class_list":["post-126135","post","type-post","status-publish","format-standard","has-post-thumbnail","hentry","category-geral"],"_links":{"self":[{"href":"https:\/\/www.caririemacao.com\/1\/wp-json\/wp\/v2\/posts\/126135","targetHints":{"allow":["GET"]}}],"collection":[{"href":"https:\/\/www.caririemacao.com\/1\/wp-json\/wp\/v2\/posts"}],"about":[{"href":"https:\/\/www.caririemacao.com\/1\/wp-json\/wp\/v2\/types\/post"}],"author":[{"embeddable":true,"href":"https:\/\/www.caririemacao.com\/1\/wp-json\/wp\/v2\/users\/1"}],"replies":[{"embeddable":true,"href":"https:\/\/www.caririemacao.com\/1\/wp-json\/wp\/v2\/comments?post=126135"}],"version-history":[{"count":1,"href":"https:\/\/www.caririemacao.com\/1\/wp-json\/wp\/v2\/posts\/126135\/revisions"}],"predecessor-version":[{"id":126137,"href":"https:\/\/www.caririemacao.com\/1\/wp-json\/wp\/v2\/posts\/126135\/revisions\/126137"}],"wp:featuredmedia":[{"embeddable":true,"href":"https:\/\/www.caririemacao.com\/1\/wp-json\/wp\/v2\/media\/126136"}],"wp:attachment":[{"href":"https:\/\/www.caririemacao.com\/1\/wp-json\/wp\/v2\/media?parent=126135"}],"wp:term":[{"taxonomy":"category","embeddable":true,"href":"https:\/\/www.caririemacao.com\/1\/wp-json\/wp\/v2\/categories?post=126135"},{"taxonomy":"post_tag","embeddable":true,"href":"https:\/\/www.caririemacao.com\/1\/wp-json\/wp\/v2\/tags?post=126135"}],"curies":[{"name":"wp","href":"https:\/\/api.w.org\/{rel}","templated":true}]}}