{"id":126139,"date":"2019-10-12T14:15:40","date_gmt":"2019-10-12T17:15:40","guid":{"rendered":"http:\/\/www.caririemacao.com\/1\/?p=126139"},"modified":"2019-10-12T14:15:40","modified_gmt":"2019-10-12T17:15:40","slug":"reparticoes-estaduais-terao-ponto-facultativo-no-dia-28-de-outubro","status":"publish","type":"post","link":"https:\/\/www.caririemacao.com\/1\/2019\/10\/12\/reparticoes-estaduais-terao-ponto-facultativo-no-dia-28-de-outubro\/","title":{"rendered":"Reparti\u00e7\u00f5es estaduais ter\u00e3o ponto facultativo no dia 28 de outubro"},"content":{"rendered":"\n<p>O governador da Para\u00edba, Jo\u00e3o Azev\u00eado, resolveu dar ponto facultativo nas reparti\u00e7\u00f5es p\u00fablicas estaduais no pr\u00f3ximo dia 28 de outubro, data em que se comemora o Dia do Servidor P\u00fablico. Como ser\u00e1 uma segunda-feira, trata-se de um feriado prolongado para o servi\u00e7o p\u00fablico.<br><\/p>\n\n\n\n<p>A portaria com a decis\u00e3o foi publicada no Di\u00e1rio Oficial do Estado deste s\u00e1bado (12) e determina que os ve\u00edculos o\ufb01ciais sejam recolhidos \u00e0s suas reparti\u00e7\u00f5es de origem ou ao Centro Administrativo, ap\u00f3s o t\u00e9rmino do expediente do dia 25 de outubro e liberados uma hora antes do in\u00edcio do expediente do dia 29 de outubro.<\/p>\n\n\n\n<p>As exce\u00e7\u00f5es s\u00e3o ambul\u00e2ncias, ve\u00edculos de \ufb01scaliza\u00e7\u00e3o da Secretaria de Estado da Fazenda, da Secretaria de Estado da Administra\u00e7\u00e3o Penitenci\u00e1ria, da Secretaria de Estado da Seguran\u00e7a e Defesa Social, das Pol\u00edcias Civil e Militar e da Casa Militar ou que estejam a servi\u00e7o desta.&nbsp;<\/p>\n\n\n\n<p>Ainda segundo a portaria, a Pol\u00edcia Militar est\u00e1 incumbida de apreender e o recolher \u00e0 Casa Militar do Governador, os ve\u00edculos encontrados transitando no per\u00edodo sem a devida autoriza\u00e7\u00e3o.<\/p>\n","protected":false},"excerpt":{"rendered":"<p>O governador da Para\u00edba, Jo\u00e3o Azev\u00eado, resolveu dar ponto facultativo nas reparti\u00e7\u00f5es p\u00fablicas estaduais no pr\u00f3ximo dia 28 de outubro, data em que se comemora&hellip; <\/p>\n","protected":false},"author":1,"featured_media":126140,"comment_status":"closed","ping_status":"closed","sticky":false,"template":"","format":"standard","meta":{"sfsi_plus_gutenberg_text_before_share":"","sfsi_plus_gutenberg_show_text_before_share":"","sfsi_plus_gutenberg_icon_type":"","sfsi_plus_gutenberg_icon_alignemt":"","sfsi_plus_gutenburg_max_per_row":"","footnotes":""},"categories":[50,2],"tags":[],"class_list":["post-126139","post","type-post","status-publish","format-standard","has-post-thumbnail","hentry","category-destaque","category-geral"],"_links":{"self":[{"href":"https:\/\/www.caririemacao.com\/1\/wp-json\/wp\/v2\/posts\/126139","targetHints":{"allow":["GET"]}}],"collection":[{"href":"https:\/\/www.caririemacao.com\/1\/wp-json\/wp\/v2\/posts"}],"about":[{"href":"https:\/\/www.caririemacao.com\/1\/wp-json\/wp\/v2\/types\/post"}],"author":[{"embeddable":true,"href":"https:\/\/www.caririemacao.com\/1\/wp-json\/wp\/v2\/users\/1"}],"replies":[{"embeddable":true,"href":"https:\/\/www.caririemacao.com\/1\/wp-json\/wp\/v2\/comments?post=126139"}],"version-history":[{"count":1,"href":"https:\/\/www.caririemacao.com\/1\/wp-json\/wp\/v2\/posts\/126139\/revisions"}],"predecessor-version":[{"id":126141,"href":"https:\/\/www.caririemacao.com\/1\/wp-json\/wp\/v2\/posts\/126139\/revisions\/126141"}],"wp:featuredmedia":[{"embeddable":true,"href":"https:\/\/www.caririemacao.com\/1\/wp-json\/wp\/v2\/media\/126140"}],"wp:attachment":[{"href":"https:\/\/www.caririemacao.com\/1\/wp-json\/wp\/v2\/media?parent=126139"}],"wp:term":[{"taxonomy":"category","embeddable":true,"href":"https:\/\/www.caririemacao.com\/1\/wp-json\/wp\/v2\/categories?post=126139"},{"taxonomy":"post_tag","embeddable":true,"href":"https:\/\/www.caririemacao.com\/1\/wp-json\/wp\/v2\/tags?post=126139"}],"curies":[{"name":"wp","href":"https:\/\/api.w.org\/{rel}","templated":true}]}}