{"id":126142,"date":"2019-10-12T14:17:43","date_gmt":"2019-10-12T17:17:43","guid":{"rendered":"http:\/\/www.caririemacao.com\/1\/?p=126142"},"modified":"2019-10-12T14:17:43","modified_gmt":"2019-10-12T17:17:43","slug":"monumento-do-cristo-redentor-comemora-88-anos","status":"publish","type":"post","link":"https:\/\/www.caririemacao.com\/1\/2019\/10\/12\/monumento-do-cristo-redentor-comemora-88-anos\/","title":{"rendered":"Monumento do Cristo Redentor comemora 88 anos"},"content":{"rendered":"\n<p>O monumento do Cristo Redentor completa neste s\u00e1bado (12) 88 anos de inaugura\u00e7\u00e3o com uma programa\u00e7\u00e3o que incluiu missa e um bolo comemorativo cortado aos p\u00e9s da est\u00e1tua, no in\u00edcio da manh\u00e3.<\/p>\n\n\n\n<p>Considerado Santu\u00e1rio Diocesano desde 2006 e declarado uma das Sete Maravilhas do Mundo Moderno em 2007, o monumento fez anivers\u00e1rio sob c\u00e9u aberto e ensolarado, ap\u00f3s uma sequ\u00eancia de dias nublados no Rio de Janeiro.<\/p>\n\n\n\n<p>\u00c0s 8h, foi rezada uma missa pelos 88 anos, celebrada pelo reitor do Cristo Redentor, padre Omar Raposo. Inaugurado em 12 de outubro, o Cristo tem uma capela de Nossa Senhora Aparecida.<\/p>\n\n\n\n<p>Logo ap\u00f3s, a Sociedade de Amigos da Rua da Carioca (Sarca) cantou parab\u00e9ns para a est\u00e1tua de pedra sab\u00e3o. De hora em hora, turistas e cariocas que visitam o local receberam b\u00ean\u00e7\u00e3os neste s\u00e1bado.<\/p>\n\n\n\n<p>A comemora\u00e7\u00e3o se estende at\u00e9 o fim da manh\u00e3 na Par\u00f3quia S\u00e3o Jos\u00e9 da Lagoa, na zona sul do Rio. Haver\u00e1 shows culturais, coral e entrega de presentes a crian\u00e7as.<br>Hist\u00f3ria<\/p>\n\n\n\n<p>Um dos principais pontos tur\u00edsticos do Rio, o Cristo Redentor foi projetado por Heitor da Silva Costa, que contou com desenhos do pintor Carlos Oswald e esculturas de Maximiliam Paul Landoswky, que trabalhou a cabe\u00e7a e as m\u00e3os da est\u00e1tua.<\/p>\n\n\n\n<p>Tamb\u00e9m participaram da obra o especialista em concreto armado Albert Caquot, o engenheiro mestre de obras Heitor Levy e o engenheiro fiscal Pedro Fernandes Viana.<\/p>\n\n\n\n<p>A constru\u00e7\u00e3o foi erguida entre 1922 e 1931, a pedido da Arquidiocese do Rio de Janeiro, na \u00e9poca dirigida por dom Sebasti\u00e3o Leme.<\/p>\n","protected":false},"excerpt":{"rendered":"<p>O monumento do Cristo Redentor completa neste s\u00e1bado (12) 88 anos de inaugura\u00e7\u00e3o com uma programa\u00e7\u00e3o que incluiu missa e um bolo comemorativo cortado aos&hellip; <\/p>\n","protected":false},"author":1,"featured_media":126143,"comment_status":"closed","ping_status":"closed","sticky":false,"template":"","format":"standard","meta":{"sfsi_plus_gutenberg_text_before_share":"","sfsi_plus_gutenberg_show_text_before_share":"","sfsi_plus_gutenberg_icon_type":"","sfsi_plus_gutenberg_icon_alignemt":"","sfsi_plus_gutenburg_max_per_row":"","footnotes":""},"categories":[2],"tags":[],"class_list":["post-126142","post","type-post","status-publish","format-standard","has-post-thumbnail","hentry","category-geral"],"_links":{"self":[{"href":"https:\/\/www.caririemacao.com\/1\/wp-json\/wp\/v2\/posts\/126142","targetHints":{"allow":["GET"]}}],"collection":[{"href":"https:\/\/www.caririemacao.com\/1\/wp-json\/wp\/v2\/posts"}],"about":[{"href":"https:\/\/www.caririemacao.com\/1\/wp-json\/wp\/v2\/types\/post"}],"author":[{"embeddable":true,"href":"https:\/\/www.caririemacao.com\/1\/wp-json\/wp\/v2\/users\/1"}],"replies":[{"embeddable":true,"href":"https:\/\/www.caririemacao.com\/1\/wp-json\/wp\/v2\/comments?post=126142"}],"version-history":[{"count":1,"href":"https:\/\/www.caririemacao.com\/1\/wp-json\/wp\/v2\/posts\/126142\/revisions"}],"predecessor-version":[{"id":126144,"href":"https:\/\/www.caririemacao.com\/1\/wp-json\/wp\/v2\/posts\/126142\/revisions\/126144"}],"wp:featuredmedia":[{"embeddable":true,"href":"https:\/\/www.caririemacao.com\/1\/wp-json\/wp\/v2\/media\/126143"}],"wp:attachment":[{"href":"https:\/\/www.caririemacao.com\/1\/wp-json\/wp\/v2\/media?parent=126142"}],"wp:term":[{"taxonomy":"category","embeddable":true,"href":"https:\/\/www.caririemacao.com\/1\/wp-json\/wp\/v2\/categories?post=126142"},{"taxonomy":"post_tag","embeddable":true,"href":"https:\/\/www.caririemacao.com\/1\/wp-json\/wp\/v2\/tags?post=126142"}],"curies":[{"name":"wp","href":"https:\/\/api.w.org\/{rel}","templated":true}]}}