{"id":126145,"date":"2019-10-12T14:18:39","date_gmt":"2019-10-12T17:18:39","guid":{"rendered":"http:\/\/www.caririemacao.com\/1\/?p=126145"},"modified":"2019-10-12T14:18:39","modified_gmt":"2019-10-12T17:18:39","slug":"bolsonaro-olha-para-witzel-e-manda-recado-a-quem-assumir-brasil-sem-covardia","status":"publish","type":"post","link":"https:\/\/www.caririemacao.com\/1\/2019\/10\/12\/bolsonaro-olha-para-witzel-e-manda-recado-a-quem-assumir-brasil-sem-covardia\/","title":{"rendered":"Bolsonaro olha para Witzel e manda recado a quem assumir Brasil &#8216;sem covardia&#8217;"},"content":{"rendered":"\n<p>O estranhamento entre o presidente Jair Bolsonaro (PSL) e o governador do Rio de Janeiro, Wilson Witzel (PSC), que teve in\u00edcio quando o ex-juiz anunciou sua pretens\u00e3o de chegar \u00e0 Presid\u00eancia em 2022, subiu de tom na tarde desta sexta-feira (11) no Complexo Naval de Itagua\u00ed, no Rio.<br><\/p>\n\n\n\n<p>Ap\u00f3s Witzel fazer um discurso digno de candidato, com elogios ao pr\u00f3prio governo, Bolsonaro aproveitou sua fala para mandar um recado que mais pareceu uma indireta.<\/p>\n\n\n\n<p>&#8220;Trabalho para que, no futuro, quem porventura, de forma \u00e9tica, moral e sem covardia, venha a assumir o destino da na\u00e7\u00e3o encontre a p\u00e1tria numa situa\u00e7\u00e3o muito melhor do que encontrei.&#8221;<\/p>\n\n\n\n<p>Bolsonaro pronunciou a passagem &#8220;de forma \u00e9tica, moral e sem covardia&#8221; olhando para Witzel.<\/p>\n\n\n\n<p>Os dois participaram da cerim\u00f4nia de integra\u00e7\u00e3o do submarino Humait\u00e1, o segundo dos quatro previstos no Prosub (Programa de Desenvolvimento de Submarinos), sob o qual foi firmado um acordo de transfer\u00eancia de tecnologia entre Fran\u00e7a e Brasil.<\/p>\n\n\n\n<p>Em seu discurso, Bolsonaro n\u00e3o citou o pa\u00eds europeu, disse que o pa\u00eds tem inimigos externos e defendeu a soberania do Brasil.<\/p>\n\n\n\n<p>O presidente afirmou que teve a satisfa\u00e7\u00e3o de falar na ONU que a Amaz\u00f4nia \u00e9 patrim\u00f4nio nacional.<\/p>\n\n\n\n<p>&#8220;Para garantirmos isso, precisamos de homens e mulheres preparados e com vontade de servir sua p\u00e1tria. O destino do Brasil quem far\u00e1 ser\u00e3o todos n\u00f3s juntos, porque l\u00e1 fora pensam em nos colocar numa situa\u00e7\u00e3o de colonizados. N\u00e3o permitiremos isso.&#8221;<\/p>\n\n\n\n<p>Preparando sua sa\u00edda do PSL, Bolsonaro voltou a repetir que &#8220;nosso partido \u00e9 o Brasil&#8221;. Ele tamb\u00e9m afirmou que os inimigos internos s\u00e3o os mais terr\u00edveis. &#8220;Os de fora venceremos com tecnologia, disposi\u00e7\u00e3o e meios de dissuas\u00e3o.&#8221;<\/p>\n\n\n\n<p>Witzel, eleito na onda bolsonarista da qual tenta se descolar, sentou-se ao lado do presidente. Em seu discurso, parecia falar com o eleitor: &#8220;Conte comigo. Governador do estado que fez uma decis\u00e3o dif\u00edcil: renunciou \u00e0 magistratura por amor a essa terra&#8221;.<\/p>\n\n\n\n<p>Ele tamb\u00e9m acenou ao senador Fl\u00e1vio Bolsonaro (PSL-RJ), com quem sua rela\u00e7\u00e3o est\u00e1 estremecida, e ao senador Arolde de Oliveira (PSD-RJ), afirmando que caminharam junto nas \u00faltimas elei\u00e7\u00f5es &#8220;ombreando o sonho de milhares de fluminenses por dias melhores&#8221;.&nbsp;<\/p>\n\n\n\n<p>&#8220;N\u00f3s, pol\u00edticos, alimentamos um sonho parecido com o sonho da Marinha. Sonho de ser grande, de servir a p\u00e1tria, de proteger nossa extensa Amaz\u00f4nia Azul&#8221;, disse.&nbsp;<\/p>\n\n\n\n<p>Mais cedo, Bolsonaro tamb\u00e9m dividiu o palco com outro poss\u00edvel advers\u00e1rio em 2022: o governador de S\u00e3o Paulo, Jo\u00e3o Doria (PSDB).<\/p>\n\n\n\n<p>Foi a primeira vez que os dois estiveram lado a lado ap\u00f3s uma intensa troca de farpas -Bolsonaro chegou a se referir \u00e0 pretens\u00e3o presidencial do tucano como &#8220;ejacula\u00e7\u00e3o precoce&#8221;.<\/p>\n\n\n\n<p>Submarino Na atual etapa da integra\u00e7\u00e3o, as partes do submarino s\u00e3o juntadas. A cerim\u00f4nia foi apenas simb\u00f3lica, j\u00e1 que milhares de cabos internos ainda precisar\u00e3o ser ligados.<\/p>\n\n\n\n<p>O Humait\u00e1 permanecer\u00e1 em fase de constru\u00e7\u00e3o ao longo do pr\u00f3ximo ano. S\u00f3 deve entrar em fase de testes e descer ao mar no segundo semestre do ano que vem.&nbsp;<\/p>\n\n\n\n<p>O Riachuelo, primeiro submarino do programa, foi lan\u00e7ado ao mar para testes no fim do ano passado, em cerim\u00f4nia que contou com o ent\u00e3o presidente Michel Temer (MDB) e com o pr\u00f3prio Bolsonaro, \u00e0 \u00e9poca presidente eleito.<\/p>\n","protected":false},"excerpt":{"rendered":"<p>O estranhamento entre o presidente Jair Bolsonaro (PSL) e o governador do Rio de Janeiro, Wilson Witzel (PSC), que teve in\u00edcio quando o ex-juiz anunciou&hellip; <\/p>\n","protected":false},"author":1,"featured_media":111985,"comment_status":"closed","ping_status":"closed","sticky":false,"template":"","format":"standard","meta":{"sfsi_plus_gutenberg_text_before_share":"","sfsi_plus_gutenberg_show_text_before_share":"","sfsi_plus_gutenberg_icon_type":"","sfsi_plus_gutenberg_icon_alignemt":"","sfsi_plus_gutenburg_max_per_row":"","footnotes":""},"categories":[11],"tags":[],"class_list":["post-126145","post","type-post","status-publish","format-standard","has-post-thumbnail","hentry","category-politica"],"_links":{"self":[{"href":"https:\/\/www.caririemacao.com\/1\/wp-json\/wp\/v2\/posts\/126145","targetHints":{"allow":["GET"]}}],"collection":[{"href":"https:\/\/www.caririemacao.com\/1\/wp-json\/wp\/v2\/posts"}],"about":[{"href":"https:\/\/www.caririemacao.com\/1\/wp-json\/wp\/v2\/types\/post"}],"author":[{"embeddable":true,"href":"https:\/\/www.caririemacao.com\/1\/wp-json\/wp\/v2\/users\/1"}],"replies":[{"embeddable":true,"href":"https:\/\/www.caririemacao.com\/1\/wp-json\/wp\/v2\/comments?post=126145"}],"version-history":[{"count":1,"href":"https:\/\/www.caririemacao.com\/1\/wp-json\/wp\/v2\/posts\/126145\/revisions"}],"predecessor-version":[{"id":126146,"href":"https:\/\/www.caririemacao.com\/1\/wp-json\/wp\/v2\/posts\/126145\/revisions\/126146"}],"wp:featuredmedia":[{"embeddable":true,"href":"https:\/\/www.caririemacao.com\/1\/wp-json\/wp\/v2\/media\/111985"}],"wp:attachment":[{"href":"https:\/\/www.caririemacao.com\/1\/wp-json\/wp\/v2\/media?parent=126145"}],"wp:term":[{"taxonomy":"category","embeddable":true,"href":"https:\/\/www.caririemacao.com\/1\/wp-json\/wp\/v2\/categories?post=126145"},{"taxonomy":"post_tag","embeddable":true,"href":"https:\/\/www.caririemacao.com\/1\/wp-json\/wp\/v2\/tags?post=126145"}],"curies":[{"name":"wp","href":"https:\/\/api.w.org\/{rel}","templated":true}]}}