{"id":126150,"date":"2019-10-12T14:20:09","date_gmt":"2019-10-12T17:20:09","guid":{"rendered":"http:\/\/www.caririemacao.com\/1\/?p=126150"},"modified":"2019-10-12T14:20:09","modified_gmt":"2019-10-12T17:20:09","slug":"arrecadacao-de-impostos-no-brasil-ultrapassa-r-19-tri","status":"publish","type":"post","link":"https:\/\/www.caririemacao.com\/1\/2019\/10\/12\/arrecadacao-de-impostos-no-brasil-ultrapassa-r-19-tri\/","title":{"rendered":"Arrecada\u00e7\u00e3o de impostos no Brasil ultrapassa R$ 1,9 tri"},"content":{"rendered":"\n<p>O Impost\u00f4metro chegou \u00e0 marca de R$ 1,9 trilh\u00e3o, na \u00faltima quarta-feira (9). Assim, o montante foi atingido 14 dias antes de 2018, j\u00e1 que ano passado o valor foi arrecado somente em 23 de outubro.<\/p>\n\n\n\n<p>O painel soma impostos pagos pelos brasileiros desde o primeiro dia do ano, eles s\u00e3o cobrados a pessoas f\u00edsicas ou jur\u00eddicas.&nbsp; O dinheiro, arrecadado pelo governo, deve ser revertido em atendimentos e servi\u00e7os p\u00fablicos de qualidade para a popula\u00e7\u00e3o.<\/p>\n\n\n\n<p>A arrecada\u00e7\u00e3o da Para\u00edba representa 0.67% no pa\u00eds, totalizando mais de R$ 13,19 bilh\u00f5es pagos em impostos, at\u00e9 \u00e0s a \u00faltima quarta, conforme levantamento realizado pelo&nbsp;<strong>Portal MaisPB<\/strong>.<\/p>\n\n\n\n<p>O impost\u00f4metro foi desenvolvido em 2005 em parceria do Instituto Brasileiro de Planejamento e Tributa\u00e7\u00e3o (IBPT) com a Associa\u00e7\u00e3o Comercia de S\u00e3o Paulo (ACSP). O painel \u00e9 atualizado diariamente e podem ser acompanhado por meio do site (www.impostometro.com.br).<\/p>\n\n\n\n<p><strong>MaisPB<\/strong><\/p>\n","protected":false},"excerpt":{"rendered":"<p>O Impost\u00f4metro chegou \u00e0 marca de R$ 1,9 trilh\u00e3o, na \u00faltima quarta-feira (9). Assim, o montante foi atingido 14 dias antes de 2018, j\u00e1 que&hellip; <\/p>\n","protected":false},"author":1,"featured_media":106099,"comment_status":"closed","ping_status":"closed","sticky":false,"template":"","format":"standard","meta":{"sfsi_plus_gutenberg_text_before_share":"","sfsi_plus_gutenberg_show_text_before_share":"","sfsi_plus_gutenberg_icon_type":"","sfsi_plus_gutenberg_icon_alignemt":"","sfsi_plus_gutenburg_max_per_row":"","footnotes":""},"categories":[11],"tags":[],"class_list":["post-126150","post","type-post","status-publish","format-standard","has-post-thumbnail","hentry","category-politica"],"_links":{"self":[{"href":"https:\/\/www.caririemacao.com\/1\/wp-json\/wp\/v2\/posts\/126150","targetHints":{"allow":["GET"]}}],"collection":[{"href":"https:\/\/www.caririemacao.com\/1\/wp-json\/wp\/v2\/posts"}],"about":[{"href":"https:\/\/www.caririemacao.com\/1\/wp-json\/wp\/v2\/types\/post"}],"author":[{"embeddable":true,"href":"https:\/\/www.caririemacao.com\/1\/wp-json\/wp\/v2\/users\/1"}],"replies":[{"embeddable":true,"href":"https:\/\/www.caririemacao.com\/1\/wp-json\/wp\/v2\/comments?post=126150"}],"version-history":[{"count":1,"href":"https:\/\/www.caririemacao.com\/1\/wp-json\/wp\/v2\/posts\/126150\/revisions"}],"predecessor-version":[{"id":126151,"href":"https:\/\/www.caririemacao.com\/1\/wp-json\/wp\/v2\/posts\/126150\/revisions\/126151"}],"wp:featuredmedia":[{"embeddable":true,"href":"https:\/\/www.caririemacao.com\/1\/wp-json\/wp\/v2\/media\/106099"}],"wp:attachment":[{"href":"https:\/\/www.caririemacao.com\/1\/wp-json\/wp\/v2\/media?parent=126150"}],"wp:term":[{"taxonomy":"category","embeddable":true,"href":"https:\/\/www.caririemacao.com\/1\/wp-json\/wp\/v2\/categories?post=126150"},{"taxonomy":"post_tag","embeddable":true,"href":"https:\/\/www.caririemacao.com\/1\/wp-json\/wp\/v2\/tags?post=126150"}],"curies":[{"name":"wp","href":"https:\/\/api.w.org\/{rel}","templated":true}]}}