{"id":126160,"date":"2019-10-12T15:26:10","date_gmt":"2019-10-12T18:26:10","guid":{"rendered":"http:\/\/www.caririemacao.com\/1\/?p=126160"},"modified":"2019-10-12T15:26:10","modified_gmt":"2019-10-12T18:26:10","slug":"prefeitura-de-monteiro-vai-receber-mais-de-r-25-milhoes-da-cessao-onerosa-do-petroleo","status":"publish","type":"post","link":"https:\/\/www.caririemacao.com\/1\/2019\/10\/12\/prefeitura-de-monteiro-vai-receber-mais-de-r-25-milhoes-da-cessao-onerosa-do-petroleo\/","title":{"rendered":"Prefeitura de Monteiro vai receber mais de R$ 2,5 milh\u00f5es da cess\u00e3o onerosa do petr\u00f3leo"},"content":{"rendered":"\n<p>Na divis\u00e3o dos recursos da cess\u00e3o onerosa do petr\u00f3leo, a Prefeitura de Monteiro, maior cidade do Cariri vai receber mais de R$ 2.501.328, 58.<\/p>\n\n\n\n<p>Esse valor est\u00e1 previsto na partilha a qual foi aprovada pela C\u00e2mara dos Deputados. O texto vai tramitar no Senado e, sendo aprovado sem altera\u00e7\u00f5es, passar\u00e1 pela an\u00e1lise do presidente Jair Bolsonaro (PSL) para poss\u00edvel san\u00e7\u00e3o.<\/p>\n\n\n\n<p>A cidade de Monteiro \u00e9 administrada pela prefeita Anna Lorena, que est\u00e1 no exerc\u00edcio do seu primeiro mandato e dever\u00e1 concorrer \u00e0 reelei\u00e7\u00e3o.<\/p>\n\n\n\n<figure class=\"wp-block-image\"><img decoding=\"async\" data-src=\"http:\/\/www.blogdobrunolira.com.br\/wp-content\/uploads\/2019\/10\/Monteiro-ss.jpg\" alt=\"\" class=\"wp-image-16235 lazyload\" src=\"data:image\/svg+xml;base64,PHN2ZyB3aWR0aD0iMSIgaGVpZ2h0PSIxIiB4bWxucz0iaHR0cDovL3d3dy53My5vcmcvMjAwMC9zdmciPjwvc3ZnPg==\" \/><\/figure>\n\n\n\n<p><strong>Blog do Bruno Lira<\/strong><\/p>\n","protected":false},"excerpt":{"rendered":"<p>Na divis\u00e3o dos recursos da cess\u00e3o onerosa do petr\u00f3leo, a Prefeitura de Monteiro, maior cidade do Cariri vai receber mais de R$ 2.501.328, 58. Esse&hellip; <\/p>\n","protected":false},"author":1,"featured_media":121136,"comment_status":"closed","ping_status":"closed","sticky":false,"template":"","format":"standard","meta":{"sfsi_plus_gutenberg_text_before_share":"","sfsi_plus_gutenberg_show_text_before_share":"","sfsi_plus_gutenberg_icon_type":"","sfsi_plus_gutenberg_icon_alignemt":"","sfsi_plus_gutenburg_max_per_row":"","footnotes":""},"categories":[6],"tags":[],"class_list":["post-126160","post","type-post","status-publish","format-standard","has-post-thumbnail","hentry","category-cidades"],"_links":{"self":[{"href":"https:\/\/www.caririemacao.com\/1\/wp-json\/wp\/v2\/posts\/126160","targetHints":{"allow":["GET"]}}],"collection":[{"href":"https:\/\/www.caririemacao.com\/1\/wp-json\/wp\/v2\/posts"}],"about":[{"href":"https:\/\/www.caririemacao.com\/1\/wp-json\/wp\/v2\/types\/post"}],"author":[{"embeddable":true,"href":"https:\/\/www.caririemacao.com\/1\/wp-json\/wp\/v2\/users\/1"}],"replies":[{"embeddable":true,"href":"https:\/\/www.caririemacao.com\/1\/wp-json\/wp\/v2\/comments?post=126160"}],"version-history":[{"count":1,"href":"https:\/\/www.caririemacao.com\/1\/wp-json\/wp\/v2\/posts\/126160\/revisions"}],"predecessor-version":[{"id":126161,"href":"https:\/\/www.caririemacao.com\/1\/wp-json\/wp\/v2\/posts\/126160\/revisions\/126161"}],"wp:featuredmedia":[{"embeddable":true,"href":"https:\/\/www.caririemacao.com\/1\/wp-json\/wp\/v2\/media\/121136"}],"wp:attachment":[{"href":"https:\/\/www.caririemacao.com\/1\/wp-json\/wp\/v2\/media?parent=126160"}],"wp:term":[{"taxonomy":"category","embeddable":true,"href":"https:\/\/www.caririemacao.com\/1\/wp-json\/wp\/v2\/categories?post=126160"},{"taxonomy":"post_tag","embeddable":true,"href":"https:\/\/www.caririemacao.com\/1\/wp-json\/wp\/v2\/tags?post=126160"}],"curies":[{"name":"wp","href":"https:\/\/api.w.org\/{rel}","templated":true}]}}