{"id":126165,"date":"2019-10-13T08:54:35","date_gmt":"2019-10-13T11:54:35","guid":{"rendered":"http:\/\/www.caririemacao.com\/1\/?p=126165"},"modified":"2019-10-13T08:54:35","modified_gmt":"2019-10-13T11:54:35","slug":"santa-dulce-dos-pobres-irma-dulce-e-canonizada-e-se-torna-a-primeira-santa-brasileira","status":"publish","type":"post","link":"https:\/\/www.caririemacao.com\/1\/2019\/10\/13\/santa-dulce-dos-pobres-irma-dulce-e-canonizada-e-se-torna-a-primeira-santa-brasileira\/","title":{"rendered":"Santa Dulce dos Pobres: Irm\u00e3 Dulce \u00e9 canonizada e se torna a primeira santa brasileira"},"content":{"rendered":"\n<p>Santa Dulce dos Pobres. \u00c9 assim que Irm\u00e3 Dulce passa a ser chamada ap\u00f3s a cerim\u00f4nia de canoniza\u00e7\u00e3o que a tornou santa na manh\u00e3 deste domingo (13) na Pra\u00e7a de S\u00e3o Pedro, no Vaticano, lotada de fi\u00e9is.<\/p>\n\n\n\n<p>A santa, conhecida popularmente como Anjo Bom da Bahia, foi uma das religiosas mais populares do Brasil gra\u00e7as ao trabalho social prestado aos mais pobres e necessitados, principalmente na Bahia.<\/p>\n\n\n\n<p>O Vaticano considera que Santa Dulce dos Pobres \u00e9 a primeira santa brasileira. Embora outras brasileiras e uma religiosa que atuou no pa\u00eds tenham sido canonizadas pela Igreja Cat\u00f3lica anteriormente, irm\u00e3 Dulce \u00e9 a primeira mulher nascida no Brasil que teve milagres reconhecidos.<\/p>\n\n\n\n<p>Outros quatro beatos, de diferentes nacionalidades, tamb\u00e9m foram canonizados por Papa Francisco \u00e0s 10h35 (5h35 no hor\u00e1rio de Bras\u00edlia) deste domingo. De acordo com o Vaticano, 50 mil pessoas participaram da cerim\u00f4nia.<\/p>\n\n\n\n<p>&#8220;Em honra da Sant\u00edssima Trindade, pela exalta\u00e7\u00e3o da f\u00e9 cat\u00f3lica e para incremento da vida crist\u00e3, com autoridade de nosso senhor Jesus Cristo, os santos ap\u00f3stolos Pedro e Paulo, depois de haver refletido longamente, ter invocado a ajuda divina e escutado o parecer de muitos irm\u00e3os do episcopado, declaramos e definimos santos os beatos: John Henry Newman, Giuseppina Vannini, Mariam Thresia Chiramel, Dulce Lopes Pontes e Marguerite Bauys&#8221;, declarou o Papa, em latim.<\/p>\n\n\n\n<p>Papa pede intercess\u00e3o de outros santos<\/p>\n\n\n\n<p>O chamado &#8220;rito de canoniza\u00e7\u00e3o&#8221; ocorreu na missa de domingo celebrada pelo Papa. Ap\u00f3s um canto de entrada, o Papa abriu a celebra\u00e7\u00e3o e, em seguida, houve um canto de \u201cinvoca\u00e7\u00e3o do Esp\u00edrito Santo\u201d. O ato \u00e9 uma forma de pedir a Deus que o ajude a tomar uma decis\u00e3o acertada.<\/p>\n\n\n\n<p>Depois, em uma &#8220;ladainha&#8221; \u2014 uma ora\u00e7\u00e3o cantada \u2014, a Igreja invocou a intercess\u00e3o de todos os outros santos. Em seguida, foi lida a f\u00f3rmula de canoniza\u00e7\u00e3o. Depois da leitura da f\u00f3rmula, em latim, os cinco beatos foram considerados santos. A partir da\u00ed, houve um canto de comemora\u00e7\u00e3o e a missa seguiu como ocorre nos demais domingos.<\/p>\n\n\n\n<p>Al\u00e9m de Irm\u00e3 Dulce, foram canonizados:<\/p>\n\n\n\n<ul class=\"wp-block-list\"><li>o te\u00f3logo e cardeal ingl\u00eas John Henry Newmann, um dos principais intelectuais crist\u00e3os do s\u00e9culo 19;<\/li><li>a religiosa italiana Giuseppina Vannini;<\/li><li>a religiosa indiana Mariam Thresia Chiramel Mankidiyan;<\/li><li>a catequista su\u00ed\u00e7a Margherita Bays<\/li><\/ul>\n\n\n\n<p>Na homilia da missa de canoniza\u00e7\u00e3o, o Papa Francisco afirmou que as pessoas que se dedicam ao servi\u00e7o dos mais pobres na vida religiosa fizeram &#8220;um caminho de amor nas periferias existenciais do mundo&#8221;.<\/p>\n\n\n\n<p>Francisco disse que, como os leprosos citados nos textos b\u00edblicos, &#8220;todos n\u00f3s precisamos de cura&#8221; e somente Jesus oferece essa cura. Por isso, segundo ele, \u00e9 preciso rezar, pois &#8220;a ora\u00e7\u00e3o \u00e9 o rem\u00e9dio da alma&#8221;.<\/p>\n\n\n\n<p>A cerim\u00f4nia foi acompanhada por autoridades brasileiras como o vice-presidente, Hamilton Mour\u00e3o; o governador da Bahia, Rui Costa; o prefeito de Salvador, ACM Neto; e os presidentes da C\u00e2mara, Rodrigo Maia, e do Senado, Davi Alcolumbre.<\/p>\n\n\n\n<p>O pr\u00edncipe Charles, do Reino Unido, tamb\u00e9m participou da missa. Um dos santos que estavam sendo canonizados \u00e9 brit\u00e2nico.<\/p>\n\n\n\n<p>Antes da missa, a cantora baiana Margareth Menezes, o padre Antonio Maria e o sanfoneiro cearense Waldonys tocaram e cantaram no altar a m\u00fasica oficial da canoniza\u00e7\u00e3o.<\/p>\n\n\n\n<p><strong>Beatifica\u00e7\u00e3o e caminhos para canoniza\u00e7\u00e3o<\/strong><\/p>\n\n\n\n<p>Irm\u00e3 Dulce foi beatificada em 2011, ap\u00f3s ter o primeiro milagre reconhecido. A gra\u00e7a alcan\u00e7ada foi a recupera\u00e7\u00e3o de uma paciente que teve uma grave hemorragia p\u00f3s-parto e cujo sangramento subitamente parou, sem interven\u00e7\u00e3o m\u00e9dica. Ap\u00f3s beatificada, Dulce Lopes Pontes passou a ser chamada &#8220;Bem-aventurada Dulce dos Pobres&#8221;.<\/p>\n\n\n\n<p>Para ser considerada santa, Irm\u00e3 Dulce precisaria ter um segundo milagre reconhecido, o que ocorreu em maio deste ano. O miraculado, o maestro soteropolitano Jos\u00e9 Maur\u00edcio, voltou a enxergar ap\u00f3s fazer uma ora\u00e7\u00e3o para a ent\u00e3o beata. Ele teve glaucoma e come\u00e7ou a perder a vis\u00e3o em 1999. Em 2000, ele j\u00e1 estava cego, mas em 2014 voltou a enxergar.<\/p>\n\n\n\n<p>Jos\u00e9 Maur\u00edcio foi ao Vaticano para acompanhar a cerim\u00f4nia de beatifica\u00e7\u00e3o e chegou a receber a b\u00ean\u00e7\u00e3o de Papa Francisco durante a missa de canoniza\u00e7\u00e3o.<\/p>\n\n\n\n<p>Al\u00e9m do milagre recebido por Jos\u00e9 Maur\u00edcio, outras duas gra\u00e7as alcan\u00e7adas por devotos ap\u00f3s ora\u00e7\u00f5es a Irm\u00e3 Dulce estavam sendo analisadas pelo Vaticano para o processo de canoniza\u00e7\u00e3o da religiosa.<\/p>\n\n\n\n<p>Os tr\u00eas casos foram enviados ao Vaticano pelas Obras Sociais Irm\u00e3 Dulce (OSID), em 2014, ap\u00f3s an\u00e1lise de profissionais da pr\u00f3pria institui\u00e7\u00e3o. Os outros dois milagres que ainda n\u00e3o foram confirmados pelo Vaticano continuam sendo analisados.<\/p>\n\n\n\n<p>O Vaticano tem quatro exig\u00eancias quanto \u00e0 veracidade de uma gra\u00e7a, at\u00e9 ser considerada milagre: ser preternatural (a ci\u00eancia n\u00e3o consegue explicar), instant\u00e2neo (acontecer imediatamente ap\u00f3s a ora\u00e7\u00e3o), duradouro e perfeito.<\/p>\n\n\n\n<p>Trajet\u00f3ria de Irm\u00e3 Dulce<\/p>\n\n\n\n<ul class=\"wp-block-list\"><li>Nasceu em 26 de maio de 1914, em Salvador<\/li><li>Quando ela tinha 7 anos, sua m\u00e3e morreu<\/li><li>Aos 13 anos, ela acolhia mendigos e doentes na casa onde morava com o pai e os irm\u00e3os, no bairro de Nazar\u00e9, na capital baiana<\/li><li>A vida religiosa come\u00e7ou aos 18 anos, quando, ap\u00f3s se formar como professora prim\u00e1ria, ela ingressou na Congrega\u00e7\u00e3o das Irm\u00e3s Mission\u00e1rias da Imaculada Concei\u00e7\u00e3o da M\u00e3e de Deus<\/li><li>Somente aos 19 anos, mais especificamente em 13 de agosto de 1933, recebeu o h\u00e1bito de freira e adotou o nome de Irm\u00e3 Dulce em homenagem \u00e0 m\u00e3e, que se chamava Dulce Maria; naquele mesmo m\u00eas, ela viveu 6 meses em S\u00e3o Cristov\u00e3o (SE) e depois voltou para Salvador<\/li><li>No ano de 1935, iniciou a assist\u00eancia \u00e0 comunidade carente, sobretudo nos Alagados, conjunto de palafitas que foi formado no bairro de Itapagipe, na capital baiana<\/li><li>Em 1939, Irm\u00e3 Dulce invadiu cinco casas, em um local de Salvador conhecido como Ilha dos Ratos. Nos im\u00f3veis, ela acolhia enfermos e desabrigados<\/li><li>Ainda na d\u00e9cada de 30, ajudou oper\u00e1rios do bairro de Itapagipe, em Salvador, a formarem a Uni\u00e3o Oper\u00e1ria S\u00e3o Francisco. Logo depois, juntamente com Frei Hildebrando Kruthaup, fundou o C\u00edrculo Oper\u00e1rio da Bahia<\/li><li>Junto aos trabalhadores, ela inaugurou um col\u00e9gio para os filhos dos oper\u00e1rios e ainda ajudou a fundar os cinemas Plataforma e S\u00e3o Caetano, al\u00e9m do Cine Teatro Roma; a renda obtida nos cinemas contribu\u00eda para a manuten\u00e7\u00e3o do C\u00edrculo Oper\u00e1rio<\/li><li>Na d\u00e9cada de 60 transformou um galinheiro do Convento de Santo Ant\u00f4nio em albergue. Mais tarde, o lugar deu origem ao Hospital Santo Ant\u00f4nio, no Largo de Roma, em Salvador, e as Obras Sociais que levam o nome dela<\/li><li>Em 13 de mar\u00e7o de 1992, faleceu em Salvador na Bahia<\/li><li>Em 1912, foi nomeada beata<\/li><li>Em 13 de outubro de 2019 foi canonizada e se tornou santa com o nome Santa Dulce dos Pobre<\/li><\/ul>\n","protected":false},"excerpt":{"rendered":"<p>Santa Dulce dos Pobres. \u00c9 assim que Irm\u00e3 Dulce passa a ser chamada ap\u00f3s a cerim\u00f4nia de canoniza\u00e7\u00e3o que a tornou santa na manh\u00e3 deste&hellip; <\/p>\n","protected":false},"author":1,"featured_media":126166,"comment_status":"closed","ping_status":"closed","sticky":false,"template":"","format":"standard","meta":{"sfsi_plus_gutenberg_text_before_share":"","sfsi_plus_gutenberg_show_text_before_share":"","sfsi_plus_gutenberg_icon_type":"","sfsi_plus_gutenberg_icon_alignemt":"","sfsi_plus_gutenburg_max_per_row":"","footnotes":""},"categories":[2],"tags":[],"class_list":["post-126165","post","type-post","status-publish","format-standard","has-post-thumbnail","hentry","category-geral"],"_links":{"self":[{"href":"https:\/\/www.caririemacao.com\/1\/wp-json\/wp\/v2\/posts\/126165","targetHints":{"allow":["GET"]}}],"collection":[{"href":"https:\/\/www.caririemacao.com\/1\/wp-json\/wp\/v2\/posts"}],"about":[{"href":"https:\/\/www.caririemacao.com\/1\/wp-json\/wp\/v2\/types\/post"}],"author":[{"embeddable":true,"href":"https:\/\/www.caririemacao.com\/1\/wp-json\/wp\/v2\/users\/1"}],"replies":[{"embeddable":true,"href":"https:\/\/www.caririemacao.com\/1\/wp-json\/wp\/v2\/comments?post=126165"}],"version-history":[{"count":1,"href":"https:\/\/www.caririemacao.com\/1\/wp-json\/wp\/v2\/posts\/126165\/revisions"}],"predecessor-version":[{"id":126167,"href":"https:\/\/www.caririemacao.com\/1\/wp-json\/wp\/v2\/posts\/126165\/revisions\/126167"}],"wp:featuredmedia":[{"embeddable":true,"href":"https:\/\/www.caririemacao.com\/1\/wp-json\/wp\/v2\/media\/126166"}],"wp:attachment":[{"href":"https:\/\/www.caririemacao.com\/1\/wp-json\/wp\/v2\/media?parent=126165"}],"wp:term":[{"taxonomy":"category","embeddable":true,"href":"https:\/\/www.caririemacao.com\/1\/wp-json\/wp\/v2\/categories?post=126165"},{"taxonomy":"post_tag","embeddable":true,"href":"https:\/\/www.caririemacao.com\/1\/wp-json\/wp\/v2\/tags?post=126165"}],"curies":[{"name":"wp","href":"https:\/\/api.w.org\/{rel}","templated":true}]}}