{"id":126170,"date":"2019-10-13T08:56:34","date_gmt":"2019-10-13T11:56:34","guid":{"rendered":"http:\/\/www.caririemacao.com\/1\/?p=126170"},"modified":"2019-10-13T08:56:34","modified_gmt":"2019-10-13T11:56:34","slug":"governo-bolsonaro-vai-dar-tao-certo-que-vamos-ficar-4-8-12-anos-afirma-damares","status":"publish","type":"post","link":"https:\/\/www.caririemacao.com\/1\/2019\/10\/13\/governo-bolsonaro-vai-dar-tao-certo-que-vamos-ficar-4-8-12-anos-afirma-damares\/","title":{"rendered":"Governo Bolsonaro &#8216;vai dar t\u00e3o certo que vamos ficar 4, 8, 12 anos&#8217;, afirma Damares"},"content":{"rendered":"\n<p>&nbsp;A ministra da Mulher, Fam\u00edlia e Direitos Humanos, Damares Alves, disse neste s\u00e1bado (12) que o governo conservador de direita de Jair Bolsonaro (PSL) &#8220;vai dar t\u00e3o certo que vamos ficar 4, 8, 12 anos&#8221;.<\/p>\n\n\n\n<p>&#8220;As pessoas me perguntam, mas Damares, j\u00e1 est\u00e3o falando em reelei\u00e7\u00e3o? Sim, estamos precisando de pelo menos 12 anos para cuidar do Brasil&#8221;, afirmou ela, no segundo dia da Cpac, confer\u00eancia conservadora que acontece em S\u00e3o Paulo.<\/p>\n\n\n\n<p>&#8220;N\u00f3s n\u00e3o vamos mais suportar essa na\u00e7\u00e3o ser governada por sanguin\u00e1rios e violadores de direitos, que s\u00e3o a esquerda, e n\u00e3o a direita&#8221;, disse.<\/p>\n\n\n\n<p>Damares, que foi apresentada pelo deputado Eduardo Bolsonaro (PSL-SP) como &#8220;ministra dos direitos direitos humanos de todos os humanos, n\u00e3o somente dos humanos bandidos&#8221;, afirmou que a esquerda est\u00e1 tentando &#8220;voltar a usurpar&#8221; o poder.<\/p>\n\n\n\n<p>&#8220;\u00c9 a altern\u00e2ncia do poder, eles estavam no poder, agora somos n\u00f3s, nos deixem trabalhar por favor. Se a gente n\u00e3o der certo tirem a gente do poder. Mas vai dar t\u00e3o certo, que vamos ficar 4, 8, 12 anos&#8221;, disse a ministra, que foi ovacionada e recebida com gritos de &#8220;Damares&#8221; e &#8220;Aleluia&#8221;.<\/p>\n\n\n\n<p>Segundo ela, &#8220;a esquerda precisa aceitar isso, porque aceitar d\u00f3i menos&#8221;.<\/p>\n\n\n\n<p>Para isso, disse Damares, os conservadores precisam come\u00e7ar imediatamente a se organizar para as pr\u00f3ximas elei\u00e7\u00f5es. &#8220;Temos que ocupar as prefeituras e C\u00e2maras de Vereadores, precisamos sair daqui com essa estrat\u00e9gia pronta.&#8221;<\/p>\n\n\n\n<p>Ela alertou, no entanto, que a esquerda n\u00e3o pode ser subestimada, e comparou a oposi\u00e7\u00e3o ao &#8220;c\u00e3o&#8221;.<\/p>\n\n\n\n<p>&#8220;N\u00f3s n\u00e3o podemos subestimar o c\u00e3o, o mal. Diferentemente de n\u00f3s, eles jogam sujo, jogam pesado.&#8221;<\/p>\n\n\n\n<p>Ela elogiou os jovens conservadores, dizendo: &#8220;Estou h\u00e1 24 horas com esse p\u00fablico jovem e ningu\u00e9m ainda me ofereceu um cigarro de maconha e nenhuma menina introduziu um crucifixo na vagina&#8221;.<\/p>\n\n\n\n<p>Damares rebateu cr\u00edticas do arcebispo dom Orlando Brandes, que criticou neste s\u00e1bado durante missa em Aparecida (SP) &#8220;o drag\u00e3o do tradicionalismo&#8221; e afirmou que &#8220;a direita \u00e9 violenta e injusta&#8221;.<\/p>\n\n\n\n<p>&#8220;Eles devem mesmo estar preocupados, porque somos terrivelmente crist\u00e3os&#8221;, disse. &#8220;E afirmam que somos violentos, mas n\u00f3s \u00e9 que reduzimos a viol\u00eancia neste pa\u00eds.&#8221;<\/p>\n\n\n\n<p>A ministra denunciou tamb\u00e9m que &#8220;mais de 40 povos ind\u00edgenas no Brasil ainda matam filhos de m\u00e3e solteira, g\u00eameos ou beb\u00eas com defici\u00eancia f\u00edsica ou mental&#8221; e afirmou que Tup\u00e3, deus tupi-guarini, ajudou a eleger Bolsonaro e acabou com isso.<\/p>\n\n\n\n<p>Segundo ela, a esquerda \u00e9 &#8220;hip\u00f3crita&#8221;, porque n\u00e3o denunciava os assassinatos, afirmando se tratar da cultura ind\u00edgena \u2013enquanto mostrava fotos de uma beb\u00ea ind\u00edgena que teria sido enterrada viva, e algu\u00e9m na plateia gritava &#8220;assassinos&#8221;.<\/p>\n\n\n\n<p>&#8220;Isso estava acontecendo no Brasil, mulheres tristes, deprimidas, porque precisam enterrar seus filhos, enterram e n\u00e3o morrem na hora, ficam curumins chorando debaixo da terra&#8221;, disse. &#8220;E a esquerda no poder dizia que o \u00fanico direito do \u00edndio era a terra, a demarca\u00e7\u00e3o.&#8221;<\/p>\n\n\n\n<p>&#8220;Tup\u00e3 ouviu o clamor dos curumins e disse chega! Tup\u00e3 fez presidente da Rep\u00fablica um homem que respeita curumim.&#8221;<\/p>\n\n\n\n<p>Damares recha\u00e7ou cr\u00edticas da Igreja Cat\u00f3lica a viola\u00e7\u00f5es de direitos dos ind\u00edgenas no Brasil, feitas durante o S\u00ednodo da Amaz\u00f4nia, reuni\u00e3o liderada pelo papa Francisco no Vaticano.<\/p>\n\n\n\n<p>&#8220;Est\u00e3o l\u00e1 no s\u00ednodo dizendo que violamos direitos dos \u00edndios. Este governo veio para garantir os direitos para todos.&#8221;<\/p>\n","protected":false},"excerpt":{"rendered":"<p>&nbsp;A ministra da Mulher, Fam\u00edlia e Direitos Humanos, Damares Alves, disse neste s\u00e1bado (12) que o governo conservador de direita de Jair Bolsonaro (PSL) &#8220;vai&hellip; <\/p>\n","protected":false},"author":1,"featured_media":105502,"comment_status":"closed","ping_status":"closed","sticky":false,"template":"","format":"standard","meta":{"sfsi_plus_gutenberg_text_before_share":"","sfsi_plus_gutenberg_show_text_before_share":"","sfsi_plus_gutenberg_icon_type":"","sfsi_plus_gutenberg_icon_alignemt":"","sfsi_plus_gutenburg_max_per_row":"","footnotes":""},"categories":[11],"tags":[],"class_list":["post-126170","post","type-post","status-publish","format-standard","has-post-thumbnail","hentry","category-politica"],"_links":{"self":[{"href":"https:\/\/www.caririemacao.com\/1\/wp-json\/wp\/v2\/posts\/126170","targetHints":{"allow":["GET"]}}],"collection":[{"href":"https:\/\/www.caririemacao.com\/1\/wp-json\/wp\/v2\/posts"}],"about":[{"href":"https:\/\/www.caririemacao.com\/1\/wp-json\/wp\/v2\/types\/post"}],"author":[{"embeddable":true,"href":"https:\/\/www.caririemacao.com\/1\/wp-json\/wp\/v2\/users\/1"}],"replies":[{"embeddable":true,"href":"https:\/\/www.caririemacao.com\/1\/wp-json\/wp\/v2\/comments?post=126170"}],"version-history":[{"count":1,"href":"https:\/\/www.caririemacao.com\/1\/wp-json\/wp\/v2\/posts\/126170\/revisions"}],"predecessor-version":[{"id":126171,"href":"https:\/\/www.caririemacao.com\/1\/wp-json\/wp\/v2\/posts\/126170\/revisions\/126171"}],"wp:featuredmedia":[{"embeddable":true,"href":"https:\/\/www.caririemacao.com\/1\/wp-json\/wp\/v2\/media\/105502"}],"wp:attachment":[{"href":"https:\/\/www.caririemacao.com\/1\/wp-json\/wp\/v2\/media?parent=126170"}],"wp:term":[{"taxonomy":"category","embeddable":true,"href":"https:\/\/www.caririemacao.com\/1\/wp-json\/wp\/v2\/categories?post=126170"},{"taxonomy":"post_tag","embeddable":true,"href":"https:\/\/www.caririemacao.com\/1\/wp-json\/wp\/v2\/tags?post=126170"}],"curies":[{"name":"wp","href":"https:\/\/api.w.org\/{rel}","templated":true}]}}