{"id":126174,"date":"2019-10-13T09:00:55","date_gmt":"2019-10-13T12:00:55","guid":{"rendered":"http:\/\/www.caririemacao.com\/1\/?p=126174"},"modified":"2019-10-13T09:00:55","modified_gmt":"2019-10-13T12:00:55","slug":"numero-de-bons-pagadores-no-cadastro-positivo-pode-atingir-90-milhoes","status":"publish","type":"post","link":"https:\/\/www.caririemacao.com\/1\/2019\/10\/13\/numero-de-bons-pagadores-no-cadastro-positivo-pode-atingir-90-milhoes\/","title":{"rendered":"N\u00famero de bons pagadores no Cadastro Positivo pode atingir 90 milh\u00f5es"},"content":{"rendered":"\n<p>O aval para que as primeiras empresas gestoras dos dados de bons pagadores comecem a operar,&nbsp;<a href=\"http:\/\/agenciabrasil.ebc.com.br\/economia\/noticia\/2019-10\/bc-da-aval-para-cadastro-positivo-comecar-funcionar\" target=\"_blank\" rel=\"noreferrer noopener\">concedido nesta sexta-feira<\/a>&nbsp;(11) pelo Banco Central (BC), dever\u00e1 fazer o n\u00famero de brasileiros inclu\u00eddos no Cadastro Positivo saltar dos atuais 10 milh\u00f5es para at\u00e9 90 milh\u00f5es. A estimativa \u00e9 do Departamento de Regula\u00e7\u00e3o do Sistema Financeiro do BC, que n\u00e3o forneceu um prazo para que esse n\u00famero seja atingido.<\/p>\n\n\n\n<p>A autoriza\u00e7\u00e3o para as empresas gestoras funcionarem era o \u00faltimo passo para regulamentar a nova lei do Cadastro Positivo,&nbsp;<a href=\"http:\/\/agenciabrasil.ebc.com.br\/economia\/noticia\/2019-04\/bolsonaro-sanciona-lei-do-novo-cadastro-positivo\" target=\"_blank\" rel=\"noreferrer noopener\">sancionada em abril<\/a>&nbsp;pelo presidente Jair Bolsonaro. Em julho, o Conselho Monet\u00e1rio Nacional (CMN) havia estabelecido uma s\u00e9rie de requisitos para os diretores e controladores dessas empresas. No mesmo m\u00eas, um&nbsp;<a href=\"http:\/\/pesquisa.in.gov.br\/imprensa\/jsp\/visualiza\/index.jsp?data=25\/07\/2019&amp;jornal=515&amp;pagina=1&amp;totalArquivos=187\" target=\"_blank\" rel=\"noreferrer noopener\">decreto presidencial<\/a>&nbsp;listava uma s\u00e9rie de procedimentos para garantir a seguran\u00e7a dos dados e impedir o vazamento de informa\u00e7\u00f5es.<\/p>\n\n\n\n<h2 class=\"wp-block-heading\">Invers\u00e3o<\/h2>\n\n\n\n<p>Lista de bons pagadores que podem ter acesso a cr\u00e9dito mais barato, o Cadastro Positivo come\u00e7ou a funcionar em 2013, mas com uma l\u00f3gica invertida em rela\u00e7\u00e3o \u00e0 atual. O cliente que quisesse ser inclu\u00eddo no cadastro tinha que comunicar ao banco. A nova legisla\u00e7\u00e3o tornou autom\u00e1tica a inclus\u00e3o e o processamento dos dados dos clientes.<\/p>\n\n\n\n<p>Quem n\u00e3o quiser entrar no Cadastro Positivo \u00e9 que deve avisar a institui\u00e7\u00e3o financeira. Os bancos identificar\u00e3o os bons pagadores com base num sistema de pontua\u00e7\u00e3o, sem terem acesso direto \u00e0 movimenta\u00e7\u00e3o financeira do cliente.<\/p>\n\n\n\n<p>A regulamenta\u00e7\u00e3o iguala o tratamento das empresas administradoras de banco de dados ao das institui\u00e7\u00f5es financeiras. Os controladores e diretores dever\u00e3o ter reputa\u00e7\u00e3o ilibada (sem suspeitas) e terem o curr\u00edculo avaliado pelo Banco Central. Em rela\u00e7\u00e3o \u00e0 prote\u00e7\u00e3o das informa\u00e7\u00f5es, o decreto estabeleceu padr\u00f5es de seguran\u00e7a, como diretorias separadas para a gest\u00e3o dos cadastros e para a seguran\u00e7a da informa\u00e7\u00e3o e patrim\u00f4nio l\u00edquido m\u00ednimo de R$ 100 milh\u00f5es para cada empresa poder operar.<\/p>\n\n\n\n<h2 class=\"wp-block-heading\">Expectativas<\/h2>\n\n\n\n<p>Coordenador do curso de Economia do Ibmec, M\u00e1rcio Salvato diz que o fim da regulamenta\u00e7\u00e3o do novo Cadastro Positivo dever\u00e1 ajudar a redu\u00e7\u00e3o da taxa Selic (juros b\u00e1sicos da economia) chegar \u00e0 ponta final, o conumidor. \u201cOs juros para o tomador final continuam altos porque a inadimpl\u00eancia ainda est\u00e1 alta. O Cadastro Positivo permite conhecer o hist\u00f3rico dos consumidores para que pelo menos os bons pagadores tenham acesso a taxas mais generosas\u201d, explica.<\/p>\n\n\n\n<p>Segundo a Associa\u00e7\u00e3o Nacional dos Executivos de Finan\u00e7as, Administra\u00e7\u00e3o e Contabilidade (Anefac), a taxa m\u00e9dia para as pessoas f\u00edsicas encerrou setembro em 115,56% ao ano, no menor n\u00edvel desde fevereiro de 2015. No entanto, desde mar\u00e7o de 2013, esses juros acumulam alta de 27,59 pontos percentuais (taxa ao ano), enquanto a Selic caiu 1,75 ponto percentual, de 7,25% ao ano para 5,5% ao ano, no menor n\u00edvel da hist\u00f3ria.<\/p>\n\n\n\n<p>Professor especialista em cr\u00e9dito da Funda\u00e7\u00e3o Getulio Vargas, Fabio Gallo considera um passo importante a regulamenta\u00e7\u00e3o das empresas que v\u00e3o operar o novo Cadastro Positivo. Ele, no entanto, ressalta que o acesso efetivo a taxas menores depende de outros fatores, como a concentra\u00e7\u00e3o de mercado dos bancos (n\u00famero baixo de institui\u00e7\u00f5es e pouca concorr\u00eancia).<\/p>\n\n\n\n<p>\u201cN\u00e3o basta as empresas fornecerem os dados de at\u00e9 90 milh\u00f5es de bons pagadores. Precisa ver se os bancos realmente v\u00e3o reduzir juros. O Cadastro Positivo existe h\u00e1 muito mais tempo, os bancos poderiam ter feito mais\u201d, diz Gallo. Al\u00e9m da baixa concorr\u00eancia, ele cita os tributos, a inadimpl\u00eancia e a burocracia no sistema financeiro como fatores que podem retardar ou at\u00e9 impedir que o Cadastro Positivo alcance o efeito esperado pelo governo.<\/p>\n","protected":false},"excerpt":{"rendered":"<p>O aval para que as primeiras empresas gestoras dos dados de bons pagadores comecem a operar,&nbsp;concedido nesta sexta-feira&nbsp;(11) pelo Banco Central (BC), dever\u00e1 fazer o&hellip; <\/p>\n","protected":false},"author":1,"featured_media":90077,"comment_status":"closed","ping_status":"closed","sticky":false,"template":"","format":"standard","meta":{"sfsi_plus_gutenberg_text_before_share":"","sfsi_plus_gutenberg_show_text_before_share":"","sfsi_plus_gutenberg_icon_type":"","sfsi_plus_gutenberg_icon_alignemt":"","sfsi_plus_gutenburg_max_per_row":"","footnotes":""},"categories":[11],"tags":[],"class_list":["post-126174","post","type-post","status-publish","format-standard","has-post-thumbnail","hentry","category-politica"],"_links":{"self":[{"href":"https:\/\/www.caririemacao.com\/1\/wp-json\/wp\/v2\/posts\/126174","targetHints":{"allow":["GET"]}}],"collection":[{"href":"https:\/\/www.caririemacao.com\/1\/wp-json\/wp\/v2\/posts"}],"about":[{"href":"https:\/\/www.caririemacao.com\/1\/wp-json\/wp\/v2\/types\/post"}],"author":[{"embeddable":true,"href":"https:\/\/www.caririemacao.com\/1\/wp-json\/wp\/v2\/users\/1"}],"replies":[{"embeddable":true,"href":"https:\/\/www.caririemacao.com\/1\/wp-json\/wp\/v2\/comments?post=126174"}],"version-history":[{"count":1,"href":"https:\/\/www.caririemacao.com\/1\/wp-json\/wp\/v2\/posts\/126174\/revisions"}],"predecessor-version":[{"id":126175,"href":"https:\/\/www.caririemacao.com\/1\/wp-json\/wp\/v2\/posts\/126174\/revisions\/126175"}],"wp:featuredmedia":[{"embeddable":true,"href":"https:\/\/www.caririemacao.com\/1\/wp-json\/wp\/v2\/media\/90077"}],"wp:attachment":[{"href":"https:\/\/www.caririemacao.com\/1\/wp-json\/wp\/v2\/media?parent=126174"}],"wp:term":[{"taxonomy":"category","embeddable":true,"href":"https:\/\/www.caririemacao.com\/1\/wp-json\/wp\/v2\/categories?post=126174"},{"taxonomy":"post_tag","embeddable":true,"href":"https:\/\/www.caririemacao.com\/1\/wp-json\/wp\/v2\/tags?post=126174"}],"curies":[{"name":"wp","href":"https:\/\/api.w.org\/{rel}","templated":true}]}}