{"id":126184,"date":"2019-10-13T10:47:50","date_gmt":"2019-10-13T13:47:50","guid":{"rendered":"http:\/\/www.caririemacao.com\/1\/?p=126184"},"modified":"2019-10-13T10:49:37","modified_gmt":"2019-10-13T13:49:37","slug":"prefeitura-promove-uma-grande-festa-para-as-criancas-ourovelhenses","status":"publish","type":"post","link":"https:\/\/www.caririemacao.com\/1\/2019\/10\/13\/prefeitura-promove-uma-grande-festa-para-as-criancas-ourovelhenses\/","title":{"rendered":"Prefeitura promove uma grande festa para as crian\u00e7as ourovelhenses"},"content":{"rendered":"\n<p>A Prefeitura Municipal de Ouro Velho realizou neste s\u00e1bado, 12, uma grande festa em comemora\u00e7\u00e3o ao Dia das Crian\u00e7as. <\/p>\n\n\n\n<figure class=\"wp-block-image\"><img fetchpriority=\"high\" decoding=\"async\" width=\"1024\" height=\"768\" src=\"http:\/\/www.caririemacao.com\/1\/wp-content\/uploads\/2019\/10\/WhatsApp-Image-2019-10-12-at-18.20.49-1024x768.jpeg\" alt=\"\" class=\"wp-image-126194\" srcset=\"https:\/\/www.caririemacao.com\/1\/wp-content\/uploads\/2019\/10\/WhatsApp-Image-2019-10-12-at-18.20.49-1024x768.jpeg 1024w, https:\/\/www.caririemacao.com\/1\/wp-content\/uploads\/2019\/10\/WhatsApp-Image-2019-10-12-at-18.20.49-300x225.jpeg 300w, https:\/\/www.caririemacao.com\/1\/wp-content\/uploads\/2019\/10\/WhatsApp-Image-2019-10-12-at-18.20.49-768x576.jpeg 768w, https:\/\/www.caririemacao.com\/1\/wp-content\/uploads\/2019\/10\/WhatsApp-Image-2019-10-12-at-18.20.49.jpeg 1280w\" sizes=\"(max-width: 1024px) 100vw, 1024px\" \/><\/figure>\n\n\n\n<p>O evento aconteceu na Pra\u00e7a Coronel S\u00e9rgio Dantas, centro da cidade e contou com a presen\u00e7a de centenas de crian\u00e7as que foram acompanhadas de seus pais ou respons\u00e1veis. <\/p>\n\n\n\n<figure class=\"wp-block-image\"><img decoding=\"async\" width=\"1024\" height=\"768\" data-src=\"http:\/\/www.caririemacao.com\/1\/wp-content\/uploads\/2019\/10\/WhatsApp-Image-2019-10-12-at-19.07.04-1024x768.jpeg\" alt=\"\" class=\"wp-image-126195 lazyload\" data-srcset=\"https:\/\/www.caririemacao.com\/1\/wp-content\/uploads\/2019\/10\/WhatsApp-Image-2019-10-12-at-19.07.04-1024x768.jpeg 1024w, https:\/\/www.caririemacao.com\/1\/wp-content\/uploads\/2019\/10\/WhatsApp-Image-2019-10-12-at-19.07.04-300x225.jpeg 300w, https:\/\/www.caririemacao.com\/1\/wp-content\/uploads\/2019\/10\/WhatsApp-Image-2019-10-12-at-19.07.04-768x576.jpeg 768w, https:\/\/www.caririemacao.com\/1\/wp-content\/uploads\/2019\/10\/WhatsApp-Image-2019-10-12-at-19.07.04.jpeg 1280w\" data-sizes=\"(max-width: 1024px) 100vw, 1024px\" src=\"data:image\/svg+xml;base64,PHN2ZyB3aWR0aD0iMSIgaGVpZ2h0PSIxIiB4bWxucz0iaHR0cDovL3d3dy53My5vcmcvMjAwMC9zdmciPjwvc3ZnPg==\" style=\"--smush-placeholder-width: 1024px; --smush-placeholder-aspect-ratio: 1024\/768;\" \/><\/figure>\n\n\n\n<p>As crian\u00e7as aproveitaram para se divertir e ganhar presentes, al\u00e9m de algod\u00e3o doce, balas, pipocas, cachorro quente, refrigerante, picol\u00e9, brincar em diversos brinquedos e participar de sorteio de v\u00e1rios pr\u00eamios especiais.<\/p>\n\n\n\n<figure class=\"wp-block-image\"><img decoding=\"async\" width=\"960\" height=\"720\" data-src=\"http:\/\/www.caririemacao.com\/1\/wp-content\/uploads\/2019\/10\/72888498_2458657310894477_4117924977372561408_n.jpg\" alt=\"\" class=\"wp-image-126213 lazyload\" data-srcset=\"https:\/\/www.caririemacao.com\/1\/wp-content\/uploads\/2019\/10\/72888498_2458657310894477_4117924977372561408_n.jpg 960w, https:\/\/www.caririemacao.com\/1\/wp-content\/uploads\/2019\/10\/72888498_2458657310894477_4117924977372561408_n-300x225.jpg 300w, https:\/\/www.caririemacao.com\/1\/wp-content\/uploads\/2019\/10\/72888498_2458657310894477_4117924977372561408_n-768x576.jpg 768w\" data-sizes=\"(max-width: 960px) 100vw, 960px\" src=\"data:image\/svg+xml;base64,PHN2ZyB3aWR0aD0iMSIgaGVpZ2h0PSIxIiB4bWxucz0iaHR0cDovL3d3dy53My5vcmcvMjAwMC9zdmciPjwvc3ZnPg==\" style=\"--smush-placeholder-width: 960px; --smush-placeholder-aspect-ratio: 960\/720;\" \/><\/figure>\n\n\n\n<p>As festividades do dia das crian\u00e7as tamb\u00e9m contou com presen\u00e7a da prefeita Nat\u00e1lia, do vice-prefeito Ike, vereadores, secret\u00e1rios e equipe de governo que colaboraram para essa grande festa em Ouro Velho.<\/p>\n\n\n\n<figure class=\"wp-block-image\"><img decoding=\"async\" width=\"768\" height=\"1024\" data-src=\"http:\/\/www.caririemacao.com\/1\/wp-content\/uploads\/2019\/10\/WhatsApp-Image-2019-10-12-at-18.07.22-1-768x1024.jpeg\" alt=\"\" class=\"wp-image-126200 lazyload\" data-srcset=\"https:\/\/www.caririemacao.com\/1\/wp-content\/uploads\/2019\/10\/WhatsApp-Image-2019-10-12-at-18.07.22-1-768x1024.jpeg 768w, https:\/\/www.caririemacao.com\/1\/wp-content\/uploads\/2019\/10\/WhatsApp-Image-2019-10-12-at-18.07.22-1-225x300.jpeg 225w, https:\/\/www.caririemacao.com\/1\/wp-content\/uploads\/2019\/10\/WhatsApp-Image-2019-10-12-at-18.07.22-1.jpeg 960w\" data-sizes=\"(max-width: 768px) 100vw, 768px\" src=\"data:image\/svg+xml;base64,PHN2ZyB3aWR0aD0iMSIgaGVpZ2h0PSIxIiB4bWxucz0iaHR0cDovL3d3dy53My5vcmcvMjAwMC9zdmciPjwvc3ZnPg==\" style=\"--smush-placeholder-width: 768px; --smush-placeholder-aspect-ratio: 768\/1024;\" \/><\/figure>\n\n\n\n<figure class=\"wp-block-image\"><img decoding=\"async\" width=\"1024\" height=\"768\" data-src=\"http:\/\/www.caririemacao.com\/1\/wp-content\/uploads\/2019\/10\/WhatsApp-Image-2019-10-12-at-19.07.01-1024x768.jpeg\" alt=\"\" class=\"wp-image-126202 lazyload\" data-srcset=\"https:\/\/www.caririemacao.com\/1\/wp-content\/uploads\/2019\/10\/WhatsApp-Image-2019-10-12-at-19.07.01-1024x768.jpeg 1024w, https:\/\/www.caririemacao.com\/1\/wp-content\/uploads\/2019\/10\/WhatsApp-Image-2019-10-12-at-19.07.01-300x225.jpeg 300w, https:\/\/www.caririemacao.com\/1\/wp-content\/uploads\/2019\/10\/WhatsApp-Image-2019-10-12-at-19.07.01-768x576.jpeg 768w, https:\/\/www.caririemacao.com\/1\/wp-content\/uploads\/2019\/10\/WhatsApp-Image-2019-10-12-at-19.07.01.jpeg 1280w\" data-sizes=\"(max-width: 1024px) 100vw, 1024px\" src=\"data:image\/svg+xml;base64,PHN2ZyB3aWR0aD0iMSIgaGVpZ2h0PSIxIiB4bWxucz0iaHR0cDovL3d3dy53My5vcmcvMjAwMC9zdmciPjwvc3ZnPg==\" style=\"--smush-placeholder-width: 1024px; --smush-placeholder-aspect-ratio: 1024\/768;\" \/><\/figure>\n\n\n\n<figure class=\"wp-block-image\"><img decoding=\"async\" width=\"960\" height=\"794\" data-src=\"http:\/\/www.caririemacao.com\/1\/wp-content\/uploads\/2019\/10\/72690007_546848519477133_5568197337148293120_n.jpg\" alt=\"\" class=\"wp-image-126208 lazyload\" data-srcset=\"https:\/\/www.caririemacao.com\/1\/wp-content\/uploads\/2019\/10\/72690007_546848519477133_5568197337148293120_n.jpg 960w, https:\/\/www.caririemacao.com\/1\/wp-content\/uploads\/2019\/10\/72690007_546848519477133_5568197337148293120_n-300x248.jpg 300w, https:\/\/www.caririemacao.com\/1\/wp-content\/uploads\/2019\/10\/72690007_546848519477133_5568197337148293120_n-768x635.jpg 768w\" data-sizes=\"(max-width: 960px) 100vw, 960px\" src=\"data:image\/svg+xml;base64,PHN2ZyB3aWR0aD0iMSIgaGVpZ2h0PSIxIiB4bWxucz0iaHR0cDovL3d3dy53My5vcmcvMjAwMC9zdmciPjwvc3ZnPg==\" style=\"--smush-placeholder-width: 960px; --smush-placeholder-aspect-ratio: 960\/794;\" \/><\/figure>\n","protected":false},"excerpt":{"rendered":"<p>A Prefeitura Municipal de Ouro Velho realizou neste s\u00e1bado, 12, uma grande festa em comemora\u00e7\u00e3o ao Dia das Crian\u00e7as. O evento aconteceu na Pra\u00e7a Coronel&hellip; <\/p>\n","protected":false},"author":2,"featured_media":126193,"comment_status":"closed","ping_status":"closed","sticky":false,"template":"","format":"standard","meta":{"sfsi_plus_gutenberg_text_before_share":"","sfsi_plus_gutenberg_show_text_before_share":"","sfsi_plus_gutenberg_icon_type":"","sfsi_plus_gutenberg_icon_alignemt":"","sfsi_plus_gutenburg_max_per_row":"","footnotes":""},"categories":[6,50],"tags":[],"class_list":["post-126184","post","type-post","status-publish","format-standard","has-post-thumbnail","hentry","category-cidades","category-destaque"],"_links":{"self":[{"href":"https:\/\/www.caririemacao.com\/1\/wp-json\/wp\/v2\/posts\/126184","targetHints":{"allow":["GET"]}}],"collection":[{"href":"https:\/\/www.caririemacao.com\/1\/wp-json\/wp\/v2\/posts"}],"about":[{"href":"https:\/\/www.caririemacao.com\/1\/wp-json\/wp\/v2\/types\/post"}],"author":[{"embeddable":true,"href":"https:\/\/www.caririemacao.com\/1\/wp-json\/wp\/v2\/users\/2"}],"replies":[{"embeddable":true,"href":"https:\/\/www.caririemacao.com\/1\/wp-json\/wp\/v2\/comments?post=126184"}],"version-history":[{"count":2,"href":"https:\/\/www.caririemacao.com\/1\/wp-json\/wp\/v2\/posts\/126184\/revisions"}],"predecessor-version":[{"id":126214,"href":"https:\/\/www.caririemacao.com\/1\/wp-json\/wp\/v2\/posts\/126184\/revisions\/126214"}],"wp:featuredmedia":[{"embeddable":true,"href":"https:\/\/www.caririemacao.com\/1\/wp-json\/wp\/v2\/media\/126193"}],"wp:attachment":[{"href":"https:\/\/www.caririemacao.com\/1\/wp-json\/wp\/v2\/media?parent=126184"}],"wp:term":[{"taxonomy":"category","embeddable":true,"href":"https:\/\/www.caririemacao.com\/1\/wp-json\/wp\/v2\/categories?post=126184"},{"taxonomy":"post_tag","embeddable":true,"href":"https:\/\/www.caririemacao.com\/1\/wp-json\/wp\/v2\/tags?post=126184"}],"curies":[{"name":"wp","href":"https:\/\/api.w.org\/{rel}","templated":true}]}}