{"id":126223,"date":"2019-10-13T11:08:44","date_gmt":"2019-10-13T14:08:44","guid":{"rendered":"http:\/\/www.caririemacao.com\/1\/?p=126223"},"modified":"2019-10-13T19:31:20","modified_gmt":"2019-10-13T22:31:20","slug":"prefeitura-de-sume-comemora-em-grande-o-estilo-o-dia-das-crianca","status":"publish","type":"post","link":"https:\/\/www.caririemacao.com\/1\/2019\/10\/13\/prefeitura-de-sume-comemora-em-grande-o-estilo-o-dia-das-crianca\/","title":{"rendered":"Prefeitura de Sum\u00e9 comemora em grande o estilo o Dia das Crian\u00e7a"},"content":{"rendered":"\n<p>Foi realizado na tarde deste s\u00e1bado (12), um momento de lazer e alegria para as crian\u00e7as presentes sumeenses que foram at\u00e9 \u00e0 Pra\u00e7a Jos\u00e9 Am\u00e9rico para comemorar o Dia das Crian\u00e7as promovido pela Prefeitura de Sum\u00e9, atrav\u00e9s da Secretaria de Assist\u00eancia Social do munic\u00edpio.<\/p>\n\n\n\n<figure class=\"wp-block-image\"><img fetchpriority=\"high\" decoding=\"async\" width=\"960\" height=\"640\" src=\"http:\/\/www.caririemacao.com\/1\/wp-content\/uploads\/2019\/10\/73388549_1376220265873895_9023176941104005120_n.jpg\" alt=\"\" class=\"wp-image-126227\" srcset=\"https:\/\/www.caririemacao.com\/1\/wp-content\/uploads\/2019\/10\/73388549_1376220265873895_9023176941104005120_n.jpg 960w, https:\/\/www.caririemacao.com\/1\/wp-content\/uploads\/2019\/10\/73388549_1376220265873895_9023176941104005120_n-300x200.jpg 300w, https:\/\/www.caririemacao.com\/1\/wp-content\/uploads\/2019\/10\/73388549_1376220265873895_9023176941104005120_n-768x512.jpg 768w\" sizes=\"(max-width: 960px) 100vw, 960px\" \/><\/figure>\n\n\n\n<p>Para os pais das crian\u00e7as, este momento foi lindo e oportuno, onde seus filhos se divertiram nos brinquedos e ainda ganharam pipocas, algod\u00e3o doce e v\u00e1rias outras .<\/p>\n\n\n\n<figure class=\"wp-block-image\"><img decoding=\"async\" width=\"727\" height=\"443\" data-src=\"http:\/\/www.caririemacao.com\/1\/wp-content\/uploads\/2019\/10\/2.png\" alt=\"\" class=\"wp-image-126229 lazyload\" data-srcset=\"https:\/\/www.caririemacao.com\/1\/wp-content\/uploads\/2019\/10\/2.png 727w, https:\/\/www.caririemacao.com\/1\/wp-content\/uploads\/2019\/10\/2-300x183.png 300w\" data-sizes=\"(max-width: 727px) 100vw, 727px\" src=\"data:image\/svg+xml;base64,PHN2ZyB3aWR0aD0iMSIgaGVpZ2h0PSIxIiB4bWxucz0iaHR0cDovL3d3dy53My5vcmcvMjAwMC9zdmciPjwvc3ZnPg==\" style=\"--smush-placeholder-width: 727px; --smush-placeholder-aspect-ratio: 727\/443;\" \/><\/figure>\n\n\n\n<p>A jovem Ilma Maria, do s\u00edtio Cachoerinha, que levou sua filha para participar da festa, parabenizou o prefeito \u00c9den Duarte por realizar as atividades para as crian\u00e7as do munic\u00edpio.<\/p>\n\n\n\n<figure class=\"wp-block-image\"><img decoding=\"async\" width=\"736\" height=\"443\" data-src=\"http:\/\/www.caririemacao.com\/1\/wp-content\/uploads\/2019\/10\/44.png\" alt=\"\" class=\"wp-image-126230 lazyload\" data-srcset=\"https:\/\/www.caririemacao.com\/1\/wp-content\/uploads\/2019\/10\/44.png 736w, https:\/\/www.caririemacao.com\/1\/wp-content\/uploads\/2019\/10\/44-300x181.png 300w\" data-sizes=\"(max-width: 736px) 100vw, 736px\" src=\"data:image\/svg+xml;base64,PHN2ZyB3aWR0aD0iMSIgaGVpZ2h0PSIxIiB4bWxucz0iaHR0cDovL3d3dy53My5vcmcvMjAwMC9zdmciPjwvc3ZnPg==\" style=\"--smush-placeholder-width: 736px; --smush-placeholder-aspect-ratio: 736\/443;\" \/><\/figure>\n\n\n\n<p>O prefeito \u00c9den Duarte afirmou que \u00e9 uma satisfa\u00e7\u00e3o proporcionar um momento de alegria para as crian\u00e7as do munic\u00edpio e que o munic\u00edpio vem a cada dia investindo no futuro das crian\u00e7as, seja na educa\u00e7\u00e3o, lazer e diversas outras \u00e1reas que proporcionam uma vida melhor para as crian\u00e7as do munic\u00edpio. <\/p>\n\n\n\n<p><a href=\"https:\/\/www.facebook.com\/pg\/CaririEmAcao\/photos\/?tab=album&amp;album_id=1676955862440430\">VEJA TODAS AS FOTOS.<\/a><\/p>\n","protected":false},"excerpt":{"rendered":"<p>Foi realizado na tarde deste s\u00e1bado (12), um momento de lazer e alegria para as crian\u00e7as presentes sumeenses que foram at\u00e9 \u00e0 Pra\u00e7a Jos\u00e9 Am\u00e9rico&hellip; <\/p>\n","protected":false},"author":2,"featured_media":126224,"comment_status":"closed","ping_status":"closed","sticky":false,"template":"","format":"standard","meta":{"sfsi_plus_gutenberg_text_before_share":"","sfsi_plus_gutenberg_show_text_before_share":"","sfsi_plus_gutenberg_icon_type":"","sfsi_plus_gutenberg_icon_alignemt":"","sfsi_plus_gutenburg_max_per_row":"","footnotes":""},"categories":[50,2],"tags":[],"class_list":["post-126223","post","type-post","status-publish","format-standard","has-post-thumbnail","hentry","category-destaque","category-geral"],"_links":{"self":[{"href":"https:\/\/www.caririemacao.com\/1\/wp-json\/wp\/v2\/posts\/126223","targetHints":{"allow":["GET"]}}],"collection":[{"href":"https:\/\/www.caririemacao.com\/1\/wp-json\/wp\/v2\/posts"}],"about":[{"href":"https:\/\/www.caririemacao.com\/1\/wp-json\/wp\/v2\/types\/post"}],"author":[{"embeddable":true,"href":"https:\/\/www.caririemacao.com\/1\/wp-json\/wp\/v2\/users\/2"}],"replies":[{"embeddable":true,"href":"https:\/\/www.caririemacao.com\/1\/wp-json\/wp\/v2\/comments?post=126223"}],"version-history":[{"count":2,"href":"https:\/\/www.caririemacao.com\/1\/wp-json\/wp\/v2\/posts\/126223\/revisions"}],"predecessor-version":[{"id":126262,"href":"https:\/\/www.caririemacao.com\/1\/wp-json\/wp\/v2\/posts\/126223\/revisions\/126262"}],"wp:featuredmedia":[{"embeddable":true,"href":"https:\/\/www.caririemacao.com\/1\/wp-json\/wp\/v2\/media\/126224"}],"wp:attachment":[{"href":"https:\/\/www.caririemacao.com\/1\/wp-json\/wp\/v2\/media?parent=126223"}],"wp:term":[{"taxonomy":"category","embeddable":true,"href":"https:\/\/www.caririemacao.com\/1\/wp-json\/wp\/v2\/categories?post=126223"},{"taxonomy":"post_tag","embeddable":true,"href":"https:\/\/www.caririemacao.com\/1\/wp-json\/wp\/v2\/tags?post=126223"}],"curies":[{"name":"wp","href":"https:\/\/api.w.org\/{rel}","templated":true}]}}