{"id":126232,"date":"2019-10-13T11:35:13","date_gmt":"2019-10-13T14:35:13","guid":{"rendered":"http:\/\/www.caririemacao.com\/1\/?p=126232"},"modified":"2019-10-13T11:35:13","modified_gmt":"2019-10-13T14:35:13","slug":"setor-de-servicos-da-paraiba-cresce-05-em-agosto-deste-ano-e-fica-acima-da-media-nacional","status":"publish","type":"post","link":"https:\/\/www.caririemacao.com\/1\/2019\/10\/13\/setor-de-servicos-da-paraiba-cresce-05-em-agosto-deste-ano-e-fica-acima-da-media-nacional\/","title":{"rendered":"Setor de servi\u00e7os da Para\u00edba cresce 0,5% em agosto deste ano e fica acima da m\u00e9dia nacional"},"content":{"rendered":"\n<p>O volume de servi\u00e7os na Para\u00edba teve uma alta de 0,5% em agosto deste ano, em rela\u00e7\u00e3o ao m\u00eas de Julho, segundo a Pesquisa Mensal de Servi\u00e7os (PMS), divulgada pelo IBGE nesta sexta-feira (11). O indicador no estado ficou acima da m\u00e9dia nacional, que apresentou uma retra\u00e7\u00e3o de 0,2%. <\/p>\n\n\n\n<p>A Para\u00edba ficou entre as oito unidades da federa\u00e7\u00e3o que tiveram varia\u00e7\u00f5es positivas em agosto, atr\u00e1s de Roraima (3,9%), Esp\u00edrito Santo (2,8%), Bahia (1,3%) e Maranh\u00e3o (0,9%). No que se refere ao \u00edndice da receita nominal do setor de servi\u00e7os, foi registrado um acr\u00e9scimo de 0,7% no total do m\u00eas, em compara\u00e7\u00e3o a julho.<\/p>\n\n\n\n<p>J\u00e1 quando comparado aos indicadores obtidos no m\u00eas de agosto de 2018, o volume de servi\u00e7os na Para\u00edba teve uma varia\u00e7\u00e3o negativa de 0,4%. No entanto, esse recuo foi o menor do que o observado no Brasil, que teve varia\u00e7\u00e3o negativa de 1,4%.<\/p>\n\n\n\n<p>Apesar das redu\u00e7\u00f5es, a PMS aponta ainda que, em rela\u00e7\u00e3o a Agosto de 2018, a receita nominal do setor de servi\u00e7os no estado, no mesmo m\u00eas deste ano, registrou um acr\u00e9scimo de 2,9%, tamb\u00e9m maior do que a m\u00e9dia nacional, de 2,3%.<\/p>\n","protected":false},"excerpt":{"rendered":"<p>O volume de servi\u00e7os na Para\u00edba teve uma alta de 0,5% em agosto deste ano, em rela\u00e7\u00e3o ao m\u00eas de Julho, segundo a Pesquisa Mensal&hellip; <\/p>\n","protected":false},"author":1,"featured_media":126233,"comment_status":"closed","ping_status":"closed","sticky":false,"template":"","format":"standard","meta":{"sfsi_plus_gutenberg_text_before_share":"","sfsi_plus_gutenberg_show_text_before_share":"","sfsi_plus_gutenberg_icon_type":"","sfsi_plus_gutenberg_icon_alignemt":"","sfsi_plus_gutenburg_max_per_row":"","footnotes":""},"categories":[50,11],"tags":[],"class_list":["post-126232","post","type-post","status-publish","format-standard","has-post-thumbnail","hentry","category-destaque","category-politica"],"_links":{"self":[{"href":"https:\/\/www.caririemacao.com\/1\/wp-json\/wp\/v2\/posts\/126232","targetHints":{"allow":["GET"]}}],"collection":[{"href":"https:\/\/www.caririemacao.com\/1\/wp-json\/wp\/v2\/posts"}],"about":[{"href":"https:\/\/www.caririemacao.com\/1\/wp-json\/wp\/v2\/types\/post"}],"author":[{"embeddable":true,"href":"https:\/\/www.caririemacao.com\/1\/wp-json\/wp\/v2\/users\/1"}],"replies":[{"embeddable":true,"href":"https:\/\/www.caririemacao.com\/1\/wp-json\/wp\/v2\/comments?post=126232"}],"version-history":[{"count":1,"href":"https:\/\/www.caririemacao.com\/1\/wp-json\/wp\/v2\/posts\/126232\/revisions"}],"predecessor-version":[{"id":126234,"href":"https:\/\/www.caririemacao.com\/1\/wp-json\/wp\/v2\/posts\/126232\/revisions\/126234"}],"wp:featuredmedia":[{"embeddable":true,"href":"https:\/\/www.caririemacao.com\/1\/wp-json\/wp\/v2\/media\/126233"}],"wp:attachment":[{"href":"https:\/\/www.caririemacao.com\/1\/wp-json\/wp\/v2\/media?parent=126232"}],"wp:term":[{"taxonomy":"category","embeddable":true,"href":"https:\/\/www.caririemacao.com\/1\/wp-json\/wp\/v2\/categories?post=126232"},{"taxonomy":"post_tag","embeddable":true,"href":"https:\/\/www.caririemacao.com\/1\/wp-json\/wp\/v2\/tags?post=126232"}],"curies":[{"name":"wp","href":"https:\/\/api.w.org\/{rel}","templated":true}]}}