{"id":126235,"date":"2019-10-13T11:36:22","date_gmt":"2019-10-13T14:36:22","guid":{"rendered":"http:\/\/www.caririemacao.com\/1\/?p=126235"},"modified":"2019-10-13T11:36:22","modified_gmt":"2019-10-13T14:36:22","slug":"bolsonaro-destaca-acoes-do-governo-em-outubro","status":"publish","type":"post","link":"https:\/\/www.caririemacao.com\/1\/2019\/10\/13\/bolsonaro-destaca-acoes-do-governo-em-outubro\/","title":{"rendered":"Bolsonaro destaca a\u00e7\u00f5es do governo em outubro"},"content":{"rendered":"\n<p>O presidente Jair Bolsonaro, pelo Twitter, destacou na manh\u00e3 de hoje (13), uma s\u00e9rie de a\u00e7\u00f5es do governo anunciadas neste m\u00eas. Ao todo, Bolsonaro enumerou 23 pontos que considera positivos que ocorreram at\u00e9 a segunda semana de outubro.<\/p>\n\n\n\n<p>Entre as a\u00e7\u00f5es, Bolsonaro citou a defla\u00e7\u00e3o de 0,04% em setembro, a san\u00e7\u00e3o do novo marco das telecomunica\u00e7\u00f5es e o an\u00fancio do aumento do limite para compras em free shops.<\/p>\n\n\n\n<p>O presidente citou ainda o lan\u00e7amento do programa Novos Caminhos pelo Minist\u00e9rio da \u00b4Educa\u00e7\u00e3o que pretende criar 1,5 milh\u00e3o de matr\u00edculas na educa\u00e7\u00e3o profissional. \u201cFaculdade \u00e9 fundamental, contudo o ensino t\u00e9cnico \u00e9 o motor para o retorno do dinheiro do contribuinte de forma r\u00e1pida e eficaz\u201d, comentou.<\/p>\n\n\n\n<p><strong>Agenda<\/strong><br>Ontem (12), Bolsonaro viajou para Aparecida (SP) onde participou de missa alusiva ao Dia de Nossa Senhora Aparecida, celebrada pelo Arcebispo metropolitano de Aparecida, Dom Orlando Brandes.<\/p>\n\n\n\n<p>O presidente est\u00e1 Bras\u00edlia e n\u00e3o tem previs\u00e3o de compromissos oficiais neste domingo.<\/p>\n","protected":false},"excerpt":{"rendered":"<p>O presidente Jair Bolsonaro, pelo Twitter, destacou na manh\u00e3 de hoje (13), uma s\u00e9rie de a\u00e7\u00f5es do governo anunciadas neste m\u00eas. Ao todo, Bolsonaro enumerou&hellip; <\/p>\n","protected":false},"author":1,"featured_media":126236,"comment_status":"closed","ping_status":"closed","sticky":false,"template":"","format":"standard","meta":{"sfsi_plus_gutenberg_text_before_share":"","sfsi_plus_gutenberg_show_text_before_share":"","sfsi_plus_gutenberg_icon_type":"","sfsi_plus_gutenberg_icon_alignemt":"","sfsi_plus_gutenburg_max_per_row":"","footnotes":""},"categories":[11],"tags":[],"class_list":["post-126235","post","type-post","status-publish","format-standard","has-post-thumbnail","hentry","category-politica"],"_links":{"self":[{"href":"https:\/\/www.caririemacao.com\/1\/wp-json\/wp\/v2\/posts\/126235","targetHints":{"allow":["GET"]}}],"collection":[{"href":"https:\/\/www.caririemacao.com\/1\/wp-json\/wp\/v2\/posts"}],"about":[{"href":"https:\/\/www.caririemacao.com\/1\/wp-json\/wp\/v2\/types\/post"}],"author":[{"embeddable":true,"href":"https:\/\/www.caririemacao.com\/1\/wp-json\/wp\/v2\/users\/1"}],"replies":[{"embeddable":true,"href":"https:\/\/www.caririemacao.com\/1\/wp-json\/wp\/v2\/comments?post=126235"}],"version-history":[{"count":1,"href":"https:\/\/www.caririemacao.com\/1\/wp-json\/wp\/v2\/posts\/126235\/revisions"}],"predecessor-version":[{"id":126237,"href":"https:\/\/www.caririemacao.com\/1\/wp-json\/wp\/v2\/posts\/126235\/revisions\/126237"}],"wp:featuredmedia":[{"embeddable":true,"href":"https:\/\/www.caririemacao.com\/1\/wp-json\/wp\/v2\/media\/126236"}],"wp:attachment":[{"href":"https:\/\/www.caririemacao.com\/1\/wp-json\/wp\/v2\/media?parent=126235"}],"wp:term":[{"taxonomy":"category","embeddable":true,"href":"https:\/\/www.caririemacao.com\/1\/wp-json\/wp\/v2\/categories?post=126235"},{"taxonomy":"post_tag","embeddable":true,"href":"https:\/\/www.caririemacao.com\/1\/wp-json\/wp\/v2\/tags?post=126235"}],"curies":[{"name":"wp","href":"https:\/\/api.w.org\/{rel}","templated":true}]}}